{"id":6123,"date":"2003-06-13T00:00:00","date_gmt":"2003-06-12T22:00:00","guid":{"rendered":"http:\/\/www.bio-based.eu\/news\/index.php?startid=20030613-03n"},"modified":"2003-06-13T00:00:00","modified_gmt":"2003-06-12T22:00:00","slug":"schwere-gewitter-treffen-flachs-in-kritischer-phase","status":"publish","type":"post","link":"https:\/\/renewable-carbon.eu\/news\/schwere-gewitter-treffen-flachs-in-kritischer-phase\/","title":{"rendered":"Schwere Gewitter treffen Flachs in kritischer Phase"},"content":{"rendered":"<p>Nachdem die Sch\u00e4den am Flachs durch die Gewitter um den 30. Mai in Belgien, Niederlande und Norddeutschland noch kleinr\u00e4umig begrenzt und \u00fcberwiegend reversibel waren, zeigten sich die Witterungsereignisse vom 6. und 7. Juni von ganz anderem Kaliber. B\u00f6en von bis zu 130 km\/h und Niederschlagsmengen von mehr als 30 mm im Verlauf einer halben Stunde zogen eine Spur der Verw\u00fcstung auch durch die Flachsfelder. <\/p>\n<p>Es leuchtet ein, dass ein schwadgebundenes Ernteverfahren wie die Flachsernte ein regelm\u00e4\u00dfiges und geordnetes Feld voraus setzt. Nur so sind die Schwaden der aus der Erde gezogenen Pflanze gleichm\u00e4\u00dfig dick und in sich homogen und k\u00f6nnen einem kontrollierten F\u00e4ulnisprozess \u2013 der Taur\u00f6ste \u2013 ausgesetzt werden. <\/p>\n<p>Kurz vor und in der Bl\u00fcte eilt beim Flachs das Massenwachstum dem Wachstum des St\u00fctzgewebes voraus. Zudem bieten die Bl\u00fctenbl\u00e4tter zus\u00e4tzliche Raum f\u00fcr anhaftende Wassertropfen und dies zudem an einem hinsichtlich Hebelgesetz ung\u00fcnstigen Platz: ganz weit oben. Der Flachs an sich ist schon kopflastig, haften dann noch Wassertropfen an der Spitze und dr\u00fcckt zudem der Wind, halten die Pflanzen dem Gewicht nicht stand. <\/p>\n<p>Wird nun der Flachs durch die Kombination von Starkwind und Regen niedergedr\u00fcckt (er geht &#8220;ins Lager&#8221;), so unterscheiden sich grunds\u00e4tzlich zwei Schadbilder:Ein reversibles Lager zeigt Flachspflanzen, die sich allesamt in eine Richtung neigen. Die Pflanzen k\u00f6nnen sich im Verlauf einiger sonniger und windiger Tage wieder vollst\u00e4ndig erheben und es bleiben nur spezifische Verdrehungen nahe der Bodenoberfl\u00e4che. <\/p>\n<p>Das irreversible Lager ist gekennzeichnet durch ineinander verdrehte Flachspflanzen, die \u00fcberwiegend platt auf der Bodenoberfl\u00e4che zu liegen kommen. Auch bei einer lang andauernden Sch\u00f6nwetterperiode k\u00f6nnen sich so gesch\u00e4digte Best\u00e4nde nicht mehr vollst\u00e4ndig erholen. Im Extremfall bl\u00fchen sie im Liegen immer weiter und faulen unkontrolliert bereits vor dem Raufen, so dass ein minderwertiger Flachs auch noch mit stark erh\u00f6hten Erntekosten verbunden ist.<\/p>\n<p>Nach heutigem Stand sind betr\u00e4chtliche Anteile der Flachsfl\u00e4chen in Belgien und den Niederlanden von reversiblem Lager betroffen. Der Anteil der irreversiblen Lagerfl\u00e4chen kann heute noch nicht angegeben werden. Von entscheidender Bedeutung ist der Witterungsverlauf der n\u00e4chsten 10 Tage. Wird es trocken und windig, so werden sich die heute betr\u00e4chtlichen reversiblen Sch\u00e4den zur\u00fcck bilden. Wiederholen sich jedoch die Kombinationen von Wind und Regen so wird die von Frost und doppeltem Auflauf ohnehin gebeutelte Qualit\u00e4t des Aufwuchses 2003 noch weiter abnehmen.<\/p>\n","protected":false},"excerpt":{"rendered":"<p>Nachdem die Sch&auml;den am Flachs durch die Gewitter um den 30. Mai in Belgien, Niederlande und Norddeutschland noch kleinr&auml;umig begrenzt und &uuml;berwiegend reversibel waren, zeigten<\/p>\n","protected":false},"author":3,"featured_media":0,"comment_status":"closed","ping_status":"closed","sticky":false,"template":"","format":"standard","meta":{"_seopress_robots_primary_cat":"","nova_meta_subtitle":"","footnotes":""},"categories":[5572],"tags":[],"supplier":[],"class_list":["post-6123","post","type-post","status-publish","format-standard","hentry","category-bio-based"],"_links":{"self":[{"href":"https:\/\/renewable-carbon.eu\/news\/wp-json\/wp\/v2\/posts\/6123","targetHints":{"allow":["GET"]}}],"collection":[{"href":"https:\/\/renewable-carbon.eu\/news\/wp-json\/wp\/v2\/posts"}],"about":[{"href":"https:\/\/renewable-carbon.eu\/news\/wp-json\/wp\/v2\/types\/post"}],"author":[{"embeddable":true,"href":"https:\/\/renewable-carbon.eu\/news\/wp-json\/wp\/v2\/users\/3"}],"replies":[{"embeddable":true,"href":"https:\/\/renewable-carbon.eu\/news\/wp-json\/wp\/v2\/comments?post=6123"}],"version-history":[{"count":0,"href":"https:\/\/renewable-carbon.eu\/news\/wp-json\/wp\/v2\/posts\/6123\/revisions"}],"wp:attachment":[{"href":"https:\/\/renewable-carbon.eu\/news\/wp-json\/wp\/v2\/media?parent=6123"}],"wp:term":[{"taxonomy":"category","embeddable":true,"href":"https:\/\/renewable-carbon.eu\/news\/wp-json\/wp\/v2\/categories?post=6123"},{"taxonomy":"post_tag","embeddable":true,"href":"https:\/\/renewable-carbon.eu\/news\/wp-json\/wp\/v2\/tags?post=6123"},{"taxonomy":"supplier","embeddable":true,"href":"https:\/\/renewable-carbon.eu\/news\/wp-json\/wp\/v2\/supplier?post=6123"}],"curies":[{"name":"wp","href":"https:\/\/api.w.org\/{rel}","templated":true}]}}