{"id":6088,"date":"2003-03-19T00:00:00","date_gmt":"2003-03-18T22:00:00","guid":{"rendered":"http:\/\/www.bio-based.eu\/news\/index.php?startid=20030319-07n"},"modified":"2003-03-19T00:00:00","modified_gmt":"2003-03-18T22:00:00","slug":"c-a-r-m-e-n-aebiom","status":"publish","type":"post","link":"https:\/\/renewable-carbon.eu\/news\/c-a-r-m-e-n-aebiom\/","title":{"rendered":"C.A.R.M.E.N. &amp; AEBIOM"},"content":{"rendered":"<p><a href=\"http:\/\/www.carmen-ev.de\/\" >C.A.R.M.E.N.<\/a> ist nun Mitglied der AEBIOM (Association of European Biomass Organisations). Die AEBIOM wurde 1990 gegr\u00fcndet und ist eine europ\u00e4ische Organisation, in der 25 Biomasseverb\u00e4nde und Organisationen aus zahlreichen europ\u00e4ischen L\u00e4ndern zusammen geschlossen sind. Ziel dieses Zusammenschlusses ist es, die Biomasse mit ihren Einsatzbereichen und Produkten in Europa bekannt zu machen.<\/p>\n<p><b>Hintergrundinformationen<\/b> zu den Aktivit\u00e4ten finden sich auf der Internetseite <a href=\"http:\/\/www.ecop.ucl.ac.be\/aebiom\" >http:\/\/www.ecop.ucl.ac.be\/aebiom<\/a>.<\/p>\n<p>Kontakt: <br \/><b>C.A.R.M.E.N. e.V.<\/b> <br \/>Karl Hanglberger<br \/>E-Mail: <a href=\"mailto:kh@carmen-ev.de\">kh@carmen-ev.de<\/a><\/p>\n<p>(Vgl. Meldung vom <a href=\"https:\/\/renewable-carbon.eu\/news\/europaeische-biomasse-tage-der-regionen-2002-ein-resuemee\/\" >2002-11-19<\/a>.)<\/p>\n","protected":false},"excerpt":{"rendered":"<p>C.A.R.M.E.N. ist nun Mitglied der AEBIOM (Association of European Biomass Organisations). Die AEBIOM wurde 1990 gegr&uuml;ndet und ist eine europ&auml;ische Organisation, in der 25 Biomasseverb&auml;nde<\/p>\n","protected":false},"author":3,"featured_media":0,"comment_status":"closed","ping_status":"closed","sticky":false,"template":"","format":"standard","meta":{"_seopress_robots_primary_cat":"","nova_meta_subtitle":"","footnotes":""},"categories":[5572],"tags":[],"supplier":[],"class_list":["post-6088","post","type-post","status-publish","format-standard","hentry","category-bio-based"],"_links":{"self":[{"href":"https:\/\/renewable-carbon.eu\/news\/wp-json\/wp\/v2\/posts\/6088","targetHints":{"allow":["GET"]}}],"collection":[{"href":"https:\/\/renewable-carbon.eu\/news\/wp-json\/wp\/v2\/posts"}],"about":[{"href":"https:\/\/renewable-carbon.eu\/news\/wp-json\/wp\/v2\/types\/post"}],"author":[{"embeddable":true,"href":"https:\/\/renewable-carbon.eu\/news\/wp-json\/wp\/v2\/users\/3"}],"replies":[{"embeddable":true,"href":"https:\/\/renewable-carbon.eu\/news\/wp-json\/wp\/v2\/comments?post=6088"}],"version-history":[{"count":0,"href":"https:\/\/renewable-carbon.eu\/news\/wp-json\/wp\/v2\/posts\/6088\/revisions"}],"wp:attachment":[{"href":"https:\/\/renewable-carbon.eu\/news\/wp-json\/wp\/v2\/media?parent=6088"}],"wp:term":[{"taxonomy":"category","embeddable":true,"href":"https:\/\/renewable-carbon.eu\/news\/wp-json\/wp\/v2\/categories?post=6088"},{"taxonomy":"post_tag","embeddable":true,"href":"https:\/\/renewable-carbon.eu\/news\/wp-json\/wp\/v2\/tags?post=6088"},{"taxonomy":"supplier","embeddable":true,"href":"https:\/\/renewable-carbon.eu\/news\/wp-json\/wp\/v2\/supplier?post=6088"}],"curies":[{"name":"wp","href":"https:\/\/api.w.org\/{rel}","templated":true}]}}