{"id":6082,"date":"2003-03-21T00:00:00","date_gmt":"2003-03-20T22:00:00","guid":{"rendered":"http:\/\/www.bio-based.eu\/news\/index.php?startid=20030321-01n"},"modified":"2003-03-21T00:00:00","modified_gmt":"2003-03-20T22:00:00","slug":"zmp-eu-weit-weniger-oelsaaten","status":"publish","type":"post","link":"https:\/\/renewable-carbon.eu\/news\/zmp-eu-weit-weniger-oelsaaten\/","title":{"rendered":"ZMP: EU-weit weniger \u00d6lsaaten"},"content":{"rendered":"<p>Die Anbaufl\u00e4chen f\u00fcr Sommer\u00f6lsaaten in der Europ\u00e4ischen Union haben in den vergangenen Jahren dramatisch an Umfang verloren. So wurde Sommerraps 2002 noch auf knapp 57.000 Hektar ges\u00e4t, gegen\u00fcber 1999 b\u00fc\u00dfte diese \u00d6lfrucht damit 56 Prozent seines Areals ein. Noch deutlicher fiel der R\u00fcckgang bei \u00d6llein aus: Der EU-Anbau sank auf 50.000 Hektar und damit auf weniger als zehn Prozent der 1999er Anbaufl\u00e4che von damals 520.000 Hektar. Sonnenblumen wuchsen in der EU 2002 noch auf mehr als 1,6 Millionen Hektar. Das war &#8220;nur&#8221; rund ein F\u00fcnftel weniger als 1999; dabei sind die Fl\u00e4chen in allen Anbaul\u00e4ndern geschrumpft.<\/p>\n<p>\u00a9 ZMP 2003<\/p>\n<p>(Vgl. Meldung vom <a href=\"https:\/\/renewable-carbon.eu\/news\/zmp-sojabohnen-bei-oelsaaten-dominierend\/\" >2003-02-17<\/a>.)<\/p>\n","protected":false},"excerpt":{"rendered":"<p>Die Anbaufl&auml;chen f&uuml;r Sommer&ouml;lsaaten in der Europ&auml;ischen Union haben in den vergangenen Jahren dramatisch an Umfang verloren. So wurde Sommerraps 2002 noch auf knapp 57.000<\/p>\n","protected":false},"author":3,"featured_media":0,"comment_status":"closed","ping_status":"closed","sticky":false,"template":"","format":"standard","meta":{"_seopress_robots_primary_cat":"","nova_meta_subtitle":"","footnotes":""},"categories":[5572],"tags":[],"supplier":[],"class_list":["post-6082","post","type-post","status-publish","format-standard","hentry","category-bio-based"],"_links":{"self":[{"href":"https:\/\/renewable-carbon.eu\/news\/wp-json\/wp\/v2\/posts\/6082","targetHints":{"allow":["GET"]}}],"collection":[{"href":"https:\/\/renewable-carbon.eu\/news\/wp-json\/wp\/v2\/posts"}],"about":[{"href":"https:\/\/renewable-carbon.eu\/news\/wp-json\/wp\/v2\/types\/post"}],"author":[{"embeddable":true,"href":"https:\/\/renewable-carbon.eu\/news\/wp-json\/wp\/v2\/users\/3"}],"replies":[{"embeddable":true,"href":"https:\/\/renewable-carbon.eu\/news\/wp-json\/wp\/v2\/comments?post=6082"}],"version-history":[{"count":0,"href":"https:\/\/renewable-carbon.eu\/news\/wp-json\/wp\/v2\/posts\/6082\/revisions"}],"wp:attachment":[{"href":"https:\/\/renewable-carbon.eu\/news\/wp-json\/wp\/v2\/media?parent=6082"}],"wp:term":[{"taxonomy":"category","embeddable":true,"href":"https:\/\/renewable-carbon.eu\/news\/wp-json\/wp\/v2\/categories?post=6082"},{"taxonomy":"post_tag","embeddable":true,"href":"https:\/\/renewable-carbon.eu\/news\/wp-json\/wp\/v2\/tags?post=6082"},{"taxonomy":"supplier","embeddable":true,"href":"https:\/\/renewable-carbon.eu\/news\/wp-json\/wp\/v2\/supplier?post=6082"}],"curies":[{"name":"wp","href":"https:\/\/api.w.org\/{rel}","templated":true}]}}