{"id":6067,"date":"2003-04-01T00:00:00","date_gmt":"2003-03-31T22:00:00","guid":{"rendered":"http:\/\/www.bio-based.eu\/news\/index.php?startid=20030401-03n"},"modified":"2003-04-01T00:00:00","modified_gmt":"2003-03-31T22:00:00","slug":"nigeria-regierung-will-kenaf-foerdern","status":"publish","type":"post","link":"https:\/\/renewable-carbon.eu\/news\/nigeria-regierung-will-kenaf-foerdern\/","title":{"rendered":"Nigeria: Regierung will Kenaf f\u00f6rdern"},"content":{"rendered":"<p>Die nigerianische Staatsministerin f\u00fcr Wissenschaft und Technologie Pauline K. Talen hat die ?Kenaf Association of Nigeria? dazu aufgefordert, geeignete Empfehlungen vorzulegen, um eine einheimische Kenafverarbeitung an den Start zu bringen. <\/p>\n<p>Bisher wurden in Nigeria aus Kenaf in erster Linie Rohmaterialien f\u00fcr die Herstellung von Transports\u00e4cken hergestellt. In Zukunft soll nach Vorstellungen der Ministerin jedoch auch Zellstoff f\u00fcr die Papierindustrie produziert werden. <\/p>\n<p>Kenaf wird in Nigeria seit Anfang der 60er Jahre angebaut. In diesem Jahr wird nach Regierungsangaben entsprechend mehr Saatgut zur Verf\u00fcgung stehen, um die nationalen Anbaufl\u00e4chen auszudehnen.<\/p>\n","protected":false},"excerpt":{"rendered":"<p>Die nigerianische Staatsministerin f&uuml;r Wissenschaft und Technologie Pauline K. Talen hat die ?Kenaf Association of Nigeria? dazu aufgefordert, geeignete Empfehlungen vorzulegen, um eine einheimische Kenafverarbeitung<\/p>\n","protected":false},"author":3,"featured_media":0,"comment_status":"closed","ping_status":"closed","sticky":false,"template":"","format":"standard","meta":{"_seopress_robots_primary_cat":"","nova_meta_subtitle":"","footnotes":""},"categories":[5572],"tags":[],"supplier":[],"class_list":["post-6067","post","type-post","status-publish","format-standard","hentry","category-bio-based"],"_links":{"self":[{"href":"https:\/\/renewable-carbon.eu\/news\/wp-json\/wp\/v2\/posts\/6067","targetHints":{"allow":["GET"]}}],"collection":[{"href":"https:\/\/renewable-carbon.eu\/news\/wp-json\/wp\/v2\/posts"}],"about":[{"href":"https:\/\/renewable-carbon.eu\/news\/wp-json\/wp\/v2\/types\/post"}],"author":[{"embeddable":true,"href":"https:\/\/renewable-carbon.eu\/news\/wp-json\/wp\/v2\/users\/3"}],"replies":[{"embeddable":true,"href":"https:\/\/renewable-carbon.eu\/news\/wp-json\/wp\/v2\/comments?post=6067"}],"version-history":[{"count":0,"href":"https:\/\/renewable-carbon.eu\/news\/wp-json\/wp\/v2\/posts\/6067\/revisions"}],"wp:attachment":[{"href":"https:\/\/renewable-carbon.eu\/news\/wp-json\/wp\/v2\/media?parent=6067"}],"wp:term":[{"taxonomy":"category","embeddable":true,"href":"https:\/\/renewable-carbon.eu\/news\/wp-json\/wp\/v2\/categories?post=6067"},{"taxonomy":"post_tag","embeddable":true,"href":"https:\/\/renewable-carbon.eu\/news\/wp-json\/wp\/v2\/tags?post=6067"},{"taxonomy":"supplier","embeddable":true,"href":"https:\/\/renewable-carbon.eu\/news\/wp-json\/wp\/v2\/supplier?post=6067"}],"curies":[{"name":"wp","href":"https:\/\/api.w.org\/{rel}","templated":true}]}}