{"id":6058,"date":"2003-04-03T00:00:00","date_gmt":"2003-04-02T22:00:00","guid":{"rendered":"http:\/\/www.bio-based.eu\/news\/index.php?startid=20030403-06n"},"modified":"2003-04-03T00:00:00","modified_gmt":"2003-04-02T22:00:00","slug":"happy-birthday-drei-jahre-erneuerbare-energien-gesetz-eeg","status":"publish","type":"post","link":"https:\/\/renewable-carbon.eu\/news\/happy-birthday-drei-jahre-erneuerbare-energien-gesetz-eeg\/","title":{"rendered":"Happy Birthday! Drei Jahre Erneuerbare-Energien-Gesetz (EEG)"},"content":{"rendered":"<p>Anl\u00e4sslich des dritten Geburtstages des am 1. April 2000 in Kraft getretenen Gesetzes f\u00fcr den Vorrang Erneuerbarer Energien erkl\u00e4rt Michaele Hustedt, energiepolitische Sprecherin:<\/p>\n<p>Mit dem Erneuerbare Energien-Gesetz (EEG) haben wir eine weltweit einzigartige Erfolgsgeschichte in der Industrie-, Energie- und Umweltpolitik geschrieben:<\/p>\n<p>Der Anteil der Erneuerbaren Energien an der Stromerzeugung in Deutschland ist mittlerweile auf \u00fcber 8 Prozent angestiegen.<\/p>\n<p>Allein im Jahr 2002 wurde ein Umsatzvolumen von rund 9 Milliarden Euro f\u00fcr den Aufbau einer dezentralen und umweltfreundlichen Energieversorgung aufgebracht. Profitiert haben davon \u00fcberwiegend kleinere und mittlere Unternehmen.<\/p>\n<p>\u00dcber 130.000 Menschen finden Arbeit in der gesamten Erneuerbaren-Energien-Branche. Dies ist eine exzellente F\u00f6rderung regionaler Wirtschaftsstruktur, da die Jobs vorwiegend in mittelst\u00e4ndischen Unternehmen und in strukturschwachen Regionen entstanden sind. Von den Gewerbesteuereinnahmen durch die Einspeisung von gr\u00fcnem Strom profitieren bundesweit St\u00e4dte und Gemeinden.<\/p>\n<p>Ein Innovationswettlauf auf Seiten der Anbieter Erneuerbarer Energietechnologien stattgefunden, der sich in stetig steigenden Stromertr\u00e4gen und in durchschnittlich um 10 Prozent gesunkenen Anlagenpreisen niederschlug. Dieser Trend h\u00e4lt unvermindert an. Dabei betrug die Belastung der StromkundInnen im Jahre 2002 bundesweit etwa 0,3 Cent pro Kilowattstunde oder 10 Euro pro Haushalt und Jahr.<\/p>\n<p>Bis Ende des Jahres 2002 wurde bundesweit \u00fcber 13.700 Windenergieanlagen mit einer Gesamtleistung von 12.000 Megawatt in Betrieb genommen. Mit der erzeugten Strommenge kann die Hauptstadt Berlin rund um die Uhr versorgt werden. Unter Rot- Gr\u00fcn wurde die installierte Leistung seit 1998 vervierfacht. Deutschland baut damit seinen Vorsprung als Windkraftweltmeister weiter aus: Etwa 50 Prozent der in der EU errichteten Anlagen und ein Drittel der weltweit installierten Windkraftanlagen stehen in der Bundesrepublik.<\/p>\n<p>Nach der Windkraft hat die Biomassenutzung in Deutschland die gr\u00f6\u00dften Wachstumspotenziale. Etwa 475 Megawatt sind zur Stromerzeugung installiert. Hinzu kommt die erhebliche thermische Nutzung.<\/p>\n<p>Die Fotovoltaik hat \u00e4hnlich hohe Wachstumsraten wie die Windenergie, allerdings ausgehend von einem sehr viel niedrigeren Niveau. Zurzeit sind rund 270 Megawatt installiert. Damit liegt Deutschland in Europa an erster Stelle, weltweit hinter Japan an zweiter.<\/p>\n<p>Der CO<sub>2<\/sub>-Ausstoss der Bundesrepublik wurde allein im Jahr 2002 um 50 Millionen Tonnen gemindert und die volkswirtschaftliche Einsparungen durch die Vermeidung von Klima-, Umwelt- und Gesundheitssch\u00e4den k\u00f6nnen j\u00e4hrlich auf rund 3,5 Milliarden Euro veranschlagt werden.<\/p>\n<p>Mit dem EEG hat Deutschland ein Gesetz geschaffen, dessen Auswirkungen weltweit viel Beachtung finden und das von immer mehr L\u00e4ndern mit Erfolg kopiert wird. Mit der im n\u00e4chsten Jahr von Deutschland ausgerichteten internationalen Konferenz f\u00fcr Erneuerbare Energien wollen wir dieser globalen Entwicklung einen weiteren Schub verleihen.<\/p>\n<p>In der Zeit eines furchtbaren Krieges im Irak, in dem es auch um \u00d6l geht, wird wieder einmal deutlich: die F\u00f6rderung der Erneuerbaren Energien ist ein wichtiger Beitrag zum internationalen Frieden. Die Abkehr vom Zeitalter der fossilen Energien n\u00fctzt nicht nur dem weltweiten Klimaschutz, sie tr\u00e4gt auch zur Verminderung der Konflikte um die immer knapper werdenden endlichen Ressourcen wie \u00d6l und Gas bei.<\/p>\n<p><b>Bundestagsfraktion B\u00fcndnis 90\/Die Gr\u00fcnen<\/b><br \/>Pressestelle<br \/>11011 Berlin<br \/>Tel.: 030-227-5 72 12<br \/>Fax: 030-227-5 69 62<br \/>E-Mail: <a href=\"mailto:presse@gruene-fraktion.de\">presse@gruene-fraktion.de<\/a><br \/>Internet: <a href=\"http:\/\/www.gruene-fraktion.de\/\" >http:\/\/www.gruene-fraktion.de<\/a><\/p>\n","protected":false},"excerpt":{"rendered":"<p>Anl&auml;sslich des dritten Geburtstages des am 1. April 2000 in Kraft getretenen Gesetzes f&uuml;r den Vorrang Erneuerbarer Energien erkl&auml;rt Michaele Hustedt, energiepolitische Sprecherin:<\/p>\n<p>Mit<\/p>\n","protected":false},"author":3,"featured_media":0,"comment_status":"closed","ping_status":"closed","sticky":false,"template":"","format":"standard","meta":{"_seopress_robots_primary_cat":"","nova_meta_subtitle":"","footnotes":""},"categories":[5572],"tags":[],"supplier":[],"class_list":["post-6058","post","type-post","status-publish","format-standard","hentry","category-bio-based"],"_links":{"self":[{"href":"https:\/\/renewable-carbon.eu\/news\/wp-json\/wp\/v2\/posts\/6058","targetHints":{"allow":["GET"]}}],"collection":[{"href":"https:\/\/renewable-carbon.eu\/news\/wp-json\/wp\/v2\/posts"}],"about":[{"href":"https:\/\/renewable-carbon.eu\/news\/wp-json\/wp\/v2\/types\/post"}],"author":[{"embeddable":true,"href":"https:\/\/renewable-carbon.eu\/news\/wp-json\/wp\/v2\/users\/3"}],"replies":[{"embeddable":true,"href":"https:\/\/renewable-carbon.eu\/news\/wp-json\/wp\/v2\/comments?post=6058"}],"version-history":[{"count":0,"href":"https:\/\/renewable-carbon.eu\/news\/wp-json\/wp\/v2\/posts\/6058\/revisions"}],"wp:attachment":[{"href":"https:\/\/renewable-carbon.eu\/news\/wp-json\/wp\/v2\/media?parent=6058"}],"wp:term":[{"taxonomy":"category","embeddable":true,"href":"https:\/\/renewable-carbon.eu\/news\/wp-json\/wp\/v2\/categories?post=6058"},{"taxonomy":"post_tag","embeddable":true,"href":"https:\/\/renewable-carbon.eu\/news\/wp-json\/wp\/v2\/tags?post=6058"},{"taxonomy":"supplier","embeddable":true,"href":"https:\/\/renewable-carbon.eu\/news\/wp-json\/wp\/v2\/supplier?post=6058"}],"curies":[{"name":"wp","href":"https:\/\/api.w.org\/{rel}","templated":true}]}}