{"id":6049,"date":"2003-04-07T00:00:00","date_gmt":"2003-04-06T22:00:00","guid":{"rendered":"http:\/\/www.bio-based.eu\/news\/index.php?startid=20030407-08n"},"modified":"2003-04-07T00:00:00","modified_gmt":"2003-04-06T22:00:00","slug":"meschede-1-sdwestflischer-energietagbr","status":"publish","type":"post","link":"https:\/\/renewable-carbon.eu\/news\/meschede-1-sdwestflischer-energietagbr\/","title":{"rendered":"Meschede: 1. S&uuml;dwestf&auml;lischer Energietag&lt;br \/&gt;"},"content":{"rendered":"<p>Fast 300 Teilnehmer aus Verwaltung, Politik und Industrie wollten vom 1. S\u00fcdwestf\u00e4lischen Energietag in der Stadthalle Meschede Kontakte schlie\u00dfen und neue Informationen zur Zukunft regenerativer Energien mitnehmen. &#8220;Wir wollten den Stand der Technik darstellen und dabei auch die Wirtschaftlichkeit nicht vergessen&#8221;, brachte Professor Dr. Christoph Kail von der mit veranstaltenden Fachhochschule S\u00fcdwestfalen die Absicht auf den Punkt.<\/p>\n<p>Neben Referaten zu Windenergie, Wasserkraft, Kraft-W\u00e4rme-Kopplung und Contracting kam die energetische Nutzung von Holz und Biogas allerdings nicht zu kurz. So hob Walter May, Gesch\u00e4ftsf\u00fchrer der Wirtschaftsf\u00f6rderungsgesellschaft des HSK die regionale Bedeutung bei der Nutzung erneuerbarer Energien hervor: &#8220;S\u00fcdwestfalen hat die gr\u00f6\u00dften und ertragreichsten Waldbest\u00e4nde in NRW. Doch Holz ist zu schade, um es nur zu verbrennen.&#8221; So erhofft er sich die Zukunft des nachwachsenden Brennstoffs eher aus Abfallholz in Verbindung mit der S\u00e4gewerksindustrie.<\/p>\n<p>Regierungspr\u00e4sidentin Renate Drewke verwies indes auf weitere Gesichtspunkte: &#8220;Ich sehe alternative Energien als Chance f\u00fcr die Schaffung von Arbeitspl\u00e4tzen, die wir dringend brauchen.&#8221; <\/p>\n<p>Insgesamt erhofften sich die Veranstalter, zu denen auch die Landesinitiative Zukunftsenergien NRW, das Netzwerk Forst und Holz S\u00fcdwestfalen sowie das Zentrum f\u00fcr nachwachsende Rohstoffe NRW z\u00e4hlten, weitere Projektanst\u00f6\u00dfe f\u00fcr die Region, welche zu ihrer Realisierung mit der Partnerschaft der Fachhochschule S\u00fcdwestfalen rechnen d\u00fcrfen.<\/p>\n","protected":false},"excerpt":{"rendered":"<p>Fast 300 Teilnehmer aus Verwaltung, Politik und Industrie wollten vom 1. S&uuml;dwestf&auml;lischen Energietag in der Stadthalle Meschede Kontakte schlie&szlig;en und neue Informationen zur Zukunft regenerativer<\/p>\n","protected":false},"author":3,"featured_media":0,"comment_status":"closed","ping_status":"closed","sticky":false,"template":"","format":"standard","meta":{"_seopress_robots_primary_cat":"","nova_meta_subtitle":"","footnotes":""},"categories":[5572],"tags":[],"supplier":[],"class_list":["post-6049","post","type-post","status-publish","format-standard","hentry","category-bio-based"],"_links":{"self":[{"href":"https:\/\/renewable-carbon.eu\/news\/wp-json\/wp\/v2\/posts\/6049","targetHints":{"allow":["GET"]}}],"collection":[{"href":"https:\/\/renewable-carbon.eu\/news\/wp-json\/wp\/v2\/posts"}],"about":[{"href":"https:\/\/renewable-carbon.eu\/news\/wp-json\/wp\/v2\/types\/post"}],"author":[{"embeddable":true,"href":"https:\/\/renewable-carbon.eu\/news\/wp-json\/wp\/v2\/users\/3"}],"replies":[{"embeddable":true,"href":"https:\/\/renewable-carbon.eu\/news\/wp-json\/wp\/v2\/comments?post=6049"}],"version-history":[{"count":0,"href":"https:\/\/renewable-carbon.eu\/news\/wp-json\/wp\/v2\/posts\/6049\/revisions"}],"wp:attachment":[{"href":"https:\/\/renewable-carbon.eu\/news\/wp-json\/wp\/v2\/media?parent=6049"}],"wp:term":[{"taxonomy":"category","embeddable":true,"href":"https:\/\/renewable-carbon.eu\/news\/wp-json\/wp\/v2\/categories?post=6049"},{"taxonomy":"post_tag","embeddable":true,"href":"https:\/\/renewable-carbon.eu\/news\/wp-json\/wp\/v2\/tags?post=6049"},{"taxonomy":"supplier","embeddable":true,"href":"https:\/\/renewable-carbon.eu\/news\/wp-json\/wp\/v2\/supplier?post=6049"}],"curies":[{"name":"wp","href":"https:\/\/api.w.org\/{rel}","templated":true}]}}