{"id":6037,"date":"2003-04-14T00:00:00","date_gmt":"2003-04-13T22:00:00","guid":{"rendered":"http:\/\/www.bio-based.eu\/news\/index.php?startid=20030414-01n"},"modified":"2003-04-14T00:00:00","modified_gmt":"2003-04-13T22:00:00","slug":"biomasse-in-bayern-auf-gutem-wege","status":"publish","type":"post","link":"https:\/\/renewable-carbon.eu\/news\/biomasse-in-bayern-auf-gutem-wege\/","title":{"rendered":"Biomasse in Bayern &#8220;auf gutem Wege&#8221;"},"content":{"rendered":"<p>Viele Informationen f\u00fcr Verbraucher und die neueste Energietechnik bot am letzten Wochenende die <b>1. Oberpf\u00e4lzer Energie- und Umweltmesse<\/b>. Dabei handelt es sich um ein neues Forum, das vom <a href=\"http:\/\/www.bauernverband.de\/\" >Bauernverband<\/a> und der Waldbesitzervereinigung Amberg-Schnaittenbach initiiert wurde. Der Schirmherr der Veranstaltung, der bayerische Ministerpr\u00e4sident Edmund Stoiber, liess sich durch seinen Wirtschaftsstaatssekret\u00e4r Hans Spitzner vertreten. <\/p>\n<p>In Bayern gibt es nach Angaben von Hans Spitzner inzwischen 116 gef\u00f6rderte Biomasse-Heizwerke und Biomasse-Heizkraftwerke, 250 Kl\u00e4r- und Deponiegasanlagen, 600 landwirtschaftliche Biogasanlagen, 240 Tankstellen mit biogenen Treibstoffen und eine Produktionskapazit\u00e4t f\u00fcr Biodiesel von rund 80.000t pro Jahr. Das sei, so Spitzner, &#8220;eine Menge Holz&#8221;. Gerade die Oberpfalz sei ein Standort f\u00fcr hochinnovative Vorzeigeanlagen. Die gro\u00dfen Waldgebiete und vielen landwirtschaftlichen Fl\u00e4chen b\u00f6ten ideale Bedingungen f\u00fcr die \u00f6konomische Nutzung nachwachsender Rohstoffe. <\/p>\n<p>Damit sei die Biomasse \u2013 so Spitzner \u2013 in Bayern auf einem guten Wege. Der Oberpf\u00e4lzer Bauernpr\u00e4sident MdL Franz Kustner ist sogar \u00fcberzeugt, dass Bayern bei nachwachsenden Rohstoffen eine Vorreiterrolle inne habe.<\/p>\n","protected":false},"excerpt":{"rendered":"<p>Viele Informationen f&uuml;r Verbraucher und die neueste Energietechnik bot am letzten Wochenende die <b>1. Oberpf&auml;lzer Energie- und Umweltmesse<\/b>. Dabei handelt es sich um ein neues<\/p>\n","protected":false},"author":3,"featured_media":0,"comment_status":"closed","ping_status":"closed","sticky":false,"template":"","format":"standard","meta":{"_seopress_robots_primary_cat":"","nova_meta_subtitle":"","footnotes":""},"categories":[5572],"tags":[],"supplier":[],"class_list":["post-6037","post","type-post","status-publish","format-standard","hentry","category-bio-based"],"_links":{"self":[{"href":"https:\/\/renewable-carbon.eu\/news\/wp-json\/wp\/v2\/posts\/6037","targetHints":{"allow":["GET"]}}],"collection":[{"href":"https:\/\/renewable-carbon.eu\/news\/wp-json\/wp\/v2\/posts"}],"about":[{"href":"https:\/\/renewable-carbon.eu\/news\/wp-json\/wp\/v2\/types\/post"}],"author":[{"embeddable":true,"href":"https:\/\/renewable-carbon.eu\/news\/wp-json\/wp\/v2\/users\/3"}],"replies":[{"embeddable":true,"href":"https:\/\/renewable-carbon.eu\/news\/wp-json\/wp\/v2\/comments?post=6037"}],"version-history":[{"count":0,"href":"https:\/\/renewable-carbon.eu\/news\/wp-json\/wp\/v2\/posts\/6037\/revisions"}],"wp:attachment":[{"href":"https:\/\/renewable-carbon.eu\/news\/wp-json\/wp\/v2\/media?parent=6037"}],"wp:term":[{"taxonomy":"category","embeddable":true,"href":"https:\/\/renewable-carbon.eu\/news\/wp-json\/wp\/v2\/categories?post=6037"},{"taxonomy":"post_tag","embeddable":true,"href":"https:\/\/renewable-carbon.eu\/news\/wp-json\/wp\/v2\/tags?post=6037"},{"taxonomy":"supplier","embeddable":true,"href":"https:\/\/renewable-carbon.eu\/news\/wp-json\/wp\/v2\/supplier?post=6037"}],"curies":[{"name":"wp","href":"https:\/\/api.w.org\/{rel}","templated":true}]}}