{"id":5996,"date":"2003-02-10T00:00:00","date_gmt":"2003-02-09T22:00:00","guid":{"rendered":"http:\/\/www.bio-based.eu\/news\/index.php?startid=20030210-01n"},"modified":"2003-02-10T00:00:00","modified_gmt":"2003-02-09T22:00:00","slug":"projekt-nachwachsende-rohstoffe-im-betrieb-geht-an-den-start","status":"publish","type":"post","link":"https:\/\/renewable-carbon.eu\/news\/projekt-nachwachsende-rohstoffe-im-betrieb-geht-an-den-start\/","title":{"rendered":"Projekt \u201eNachwachsende Rohstoffe im Betrieb\u201c geht an den Start"},"content":{"rendered":"<p><img SRC=\"https:\/\/renewable-carbon.eu\/news\/wp-content\/uploads\/news-images\/20030210-01\/230103_b1.JPG\" align=\"left\" style=\"margin-right:10px;\" BORDER=\"0\" ALT=\"Auftakt\"\/><br style=\"clear:left;\"\/><br \/>37 Teilnehmer hatten sich bei der Effizienz-Agentur NRW in Duisburg beim Regionalwettbewerb \u00d6koeffizienz in der Produktion beworben. Nur acht Bewerber wurden ausgew\u00e4hlt. Das TaT Transferzentrum f\u00fcr angepa\u00dfte Technologien aus Rheine geh\u00f6rt dazu.<\/p>\n<p>Das Projekt \u201eNachwachsende Rohstoffe im Betrieb\u201c unterst\u00fctzt kleine und mittlere Unternehmen beim Einsatz von nachwachsenden Rohstoffen. Hierzu bietet das TaT interessierten Firmen einen einfachen Check an, um herauszufinden, welche M\u00f6glichkeiten zur Nutzung nachwachsender Rohstoffe f\u00fcr den jeweiligen Betrieb bestehen. Wer dann genauer wissen m\u00f6chte, was in seinem Betrieb m\u00f6glich und sinnvoll ist, wird intensiv weiter beraten.<\/p>\n<p>Bei der Auftaktveranstaltung, die vor kurzem in Rheine stattfand, waren \u00fcber 50 Unternehmer gekommen, um sich \u00fcber nachwachsende Rohstoffe und interessante Produkte zu informieren. \u201eEnergierohstoffe wie Erd\u00f6l und Erdgas werden allm\u00e4hlich knapper, so dass wir uns nach Alternativen umsehen m\u00fcssen\u201c, meinte TaT Gesch\u00e4ftsf\u00fchrer Prof. Tschiedel. F\u00fcr Betriebe, die Umstellungsm\u00f6glichkeiten rechtzeitig nutzen, entstehen h\u00e4ufig Wettbewerbsvorteile durch Kosteneinsparung, \u00d6komarketing und Know-how-Vorsprung sowie dadurch zumindest sicherere und ges\u00fcndere Arbeitspl\u00e4tze. <\/p>\n<p>\u201eViel h\u00e4ufiger, als die meisten wissen, ist eine solche Umstellung schon heute technisch machbar. Und viel h\u00e4ufiger, als die meisten wissen, ist eine solche Umstellung schon heute wirtschaftlich\u201c, so Tschiedel weiter. Dabei geht es zum einen um Hilfs- und Verfahrensstoffe in Produktionsprozessen, also um Schmierstoffe, Maschinen\u00f6le und Hydraulikfl\u00fcssigkeiten, Klebstoffe und Trennmittel, Farben und vieles mehr. Zum anderen geht es um den Einsatz nachwachsender Rohstoffe als Grundstoffe f\u00fcr vorhandene Produkte.<\/p>\n<p>Eine umfangreiche Produktauswahl wurde auch auf der Auftaktveranstaltung gezeigt. Neben Bau- und D\u00e4mmmaterialien z.B. aus Flachs, Hanf oder Miscanthus gab es Folien auf St\u00e4rkebasis, Verpackungsmaterialien und Faserverbundwerkstoffe z.B. f\u00fcr Autoinnenverkleidungen zu sehen. <\/p>\n<p>\u201eZiel unserer Veranstaltung ist es, Netzwerke zu bilden und Kooperationen anzuregen. Experten und Unternehmen sollen zusammenarbeiten\u201c, sagte Prof. Tschiedel. So standen auch Experten Rede und Antwort zu den unterschiedlichen Produkten und Rohstoffen. Ralf Pude (<a href=\"http:\/\/www.miscanthus.de\/\" >Uni Bonn<\/a>), Hans-Bernd Hartmann (<a href=\"http:\/\/www.duesse.de\/znr\/index.htm\" >Zentrum f\u00fcr Nachwachsende Rohstoffe<\/a>), Levon Sergis (<a href=\"http:\/\/www.pro-ev.de\/\" >Regio \u00d6l<\/a>), Michael Karus (<a href=\"http:\/\/www.nova-institut.de\/\" >nova-Institut<\/a>), Oskar Burkert (bundesweite AG Bio\u00f6l), Susanne Diekmann (<a href=\"http:\/\/www.knr-muenster.de\/\" >KNR M\u00fcnster<\/a>) sowie Hubert Storkebaum (TaT) informierten mit Kurzvortr\u00e4gen und Pr\u00e4sentationsst\u00e4nden \u00fcber die Bandbreite des Einsatzes von nachwachsenden Rohstoffen.<\/p>\n<p><b>Informationen:<\/b><br \/>TaT Transferzentrum f\u00fcr angepa\u00dfte Technologien GmbH<br \/>Prof. Dr. Robert Tschiedel<br \/>Hovesaatstra\u00dfe 6<br \/>48432 Rheine<br \/>Tel.: 05971-990-100<br \/>Fax: 05971-990-125<br \/>E-Mail: <a href=\"mailto:info@tat-zentrum.de\">info@tat-zentrum.de<\/a><br \/>Internet: <a href=\"http:\/\/www.tat-zentrum.de\/\" >www.tat-zentrum.de<\/a><\/p>\n","protected":false},"excerpt":{"rendered":"<p>37 Teilnehmer hatten sich bei der Effizienz-Agentur NRW in Duisburg beim Regionalwettbewerb &Ouml;koeffizienz in der Produktion beworben. Nur acht Bewerber wurden ausgew&auml;hlt. Das TaT<\/p>\n","protected":false},"author":3,"featured_media":0,"comment_status":"closed","ping_status":"closed","sticky":false,"template":"","format":"standard","meta":{"_seopress_robots_primary_cat":"","nova_meta_subtitle":"","footnotes":""},"categories":[5572],"tags":[],"supplier":[],"class_list":["post-5996","post","type-post","status-publish","format-standard","hentry","category-bio-based"],"_links":{"self":[{"href":"https:\/\/renewable-carbon.eu\/news\/wp-json\/wp\/v2\/posts\/5996","targetHints":{"allow":["GET"]}}],"collection":[{"href":"https:\/\/renewable-carbon.eu\/news\/wp-json\/wp\/v2\/posts"}],"about":[{"href":"https:\/\/renewable-carbon.eu\/news\/wp-json\/wp\/v2\/types\/post"}],"author":[{"embeddable":true,"href":"https:\/\/renewable-carbon.eu\/news\/wp-json\/wp\/v2\/users\/3"}],"replies":[{"embeddable":true,"href":"https:\/\/renewable-carbon.eu\/news\/wp-json\/wp\/v2\/comments?post=5996"}],"version-history":[{"count":0,"href":"https:\/\/renewable-carbon.eu\/news\/wp-json\/wp\/v2\/posts\/5996\/revisions"}],"wp:attachment":[{"href":"https:\/\/renewable-carbon.eu\/news\/wp-json\/wp\/v2\/media?parent=5996"}],"wp:term":[{"taxonomy":"category","embeddable":true,"href":"https:\/\/renewable-carbon.eu\/news\/wp-json\/wp\/v2\/categories?post=5996"},{"taxonomy":"post_tag","embeddable":true,"href":"https:\/\/renewable-carbon.eu\/news\/wp-json\/wp\/v2\/tags?post=5996"},{"taxonomy":"supplier","embeddable":true,"href":"https:\/\/renewable-carbon.eu\/news\/wp-json\/wp\/v2\/supplier?post=5996"}],"curies":[{"name":"wp","href":"https:\/\/api.w.org\/{rel}","templated":true}]}}