{"id":5989,"date":"2003-02-11T00:00:00","date_gmt":"2003-02-10T22:00:00","guid":{"rendered":"http:\/\/www.bio-based.eu\/news\/index.php?startid=20030211-09n"},"modified":"2003-02-11T00:00:00","modified_gmt":"2003-02-10T22:00:00","slug":"avk-tv-innovationspreis-2003","status":"publish","type":"post","link":"https:\/\/renewable-carbon.eu\/news\/avk-tv-innovationspreis-2003\/","title":{"rendered":"AVK-TV Innovationspreis 2003"},"content":{"rendered":"<p>Auch in diesem Jahr vergibt die Arbeitsgemeinschaft Verst\u00e4rkte Kunststoffe &#8211; Technische Vereinigung e.V. (AVK-TV) wieder\u00a0den AVK-TV Innovationspreis in den Kategorien Anwendung, Umwelt und Hochschularbeit.<\/p>\n<p>Ziel des Innovationspreises ist die F\u00f6rderung neuer industrieller Probleml\u00f6sungen durch Composites und duroplastische Formmassen, die Darstellung der Leistungen unserer Branche im Umweltschutz sowie die F\u00f6rderung der Hochschularbeit im Bereich der Verbundwerkstoffe und duroplastischen Formteile. <\/p>\n<p>Nicht zuletzt soll durch diesen Preis die Motivation von Spezialisten auf diesen Gebieten gef\u00f6rdert werden. Die Preistr\u00e4ger 2002 waren: <\/p>\n<p><b>Beste Anwendung:<\/b>\u00a0<br \/>BMW Group, Pierburg AG, Baumgarten GmbH und Vyncolit, MAN Nutzfahrzeuge GmbH und Menzolit-Fibron GmbH<\/p>\n<p><b>Umweltpreis:<\/b><br \/>Th\u00fcringisches Institut f\u00fcr Textil- und Kunststoff-Forschung e.V. (TITK)\u00a0<\/p>\n<p><b>Beste Hochschularbeit:<\/b><br \/>Technische Universit\u00e4t Darmstadt, Fachgebiet Konstruktiver Leichtbau und Bauweisen<\/p>\n<p><b>Sonderpreis:<\/b><br \/>Hochschule f\u00fcr Kunst und Design Halle und Deutsches Zentrum f\u00fcr Luft- und Raumfahrt e.V. (DLR) &#8211; Institut f\u00fcr Strukturmechanik\u00a0<\/p>\n<p>Die diesj\u00e4hrigen Preistr\u00e4ger werden beim AVK-TV Pressegespr\u00e4ch im September 2003 der \u00d6ffentlichkeit vorgestellt. Die Preisverleihung erfolgt anl\u00e4sslich der 6. Internationalen AVK-TV Tagung vom <b>7.-8. Oktober 2003<\/b> in Baden-Baden.\u00a0<\/p>\n<p>Bewerbungen zum Innovationspreis 2003 k\u00f6nnen zu folgenden Bereichen eingereicht werden:<\/p>\n<ul>\n<li><b>Anwendung des Jahres<\/b>\u00a0\n<\/li>\n<li><b>Umweltpreis des Jahres<\/b>\n<\/li>\n<li><b>Hochschularbeit des Jahres<\/b><\/li>\n<\/ul>\n<p>Einsendeschluss f\u00fcr die Bewerbungsunterlagen ist der\u00a0<b>10. Juni 2003<\/b><\/p>\n<p><b>N\u00e4here Angaben und Ausschreibungsunterlagen:<\/b><br \/>AVK-TV e.V.<br \/>Am Hauptbahnhof 10<br \/>D- 60329 Frankfurt,\u00a0<br \/>Tel.: +49-(0)69-25 09-20<br \/>Fax: +49-(0)69-25 09-19<br \/>E-Mail: <a href=\"mailto:info@avk-tv.de\">info@avk-tv.de<\/a><br \/>Internet: <a href=\"http:\/\/www.avk-tv.de\/\" >www.avk-tv.de<\/a> <\/p>\n<p>Weitere Infos &#8211; auch in englischer Sprache &#8211; unter <a href=\"http:\/\/www.avk-tv.de\/ipreis.htm\" >www.avk-tv.de\/ipreis.htm<\/a><\/p>\n","protected":false},"excerpt":{"rendered":"<p>Auch in diesem Jahr vergibt die Arbeitsgemeinschaft Verst&auml;rkte Kunststoffe &#8211; Technische Vereinigung e.V. (AVK-TV) wieder&nbsp;den AVK-TV Innovationspreis in den Kategorien Anwendung, Umwelt und Hochschularbeit.<\/p>\n","protected":false},"author":3,"featured_media":0,"comment_status":"closed","ping_status":"closed","sticky":false,"template":"","format":"standard","meta":{"_seopress_robots_primary_cat":"","nova_meta_subtitle":"","footnotes":""},"categories":[5572],"tags":[],"supplier":[],"class_list":["post-5989","post","type-post","status-publish","format-standard","hentry","category-bio-based"],"_links":{"self":[{"href":"https:\/\/renewable-carbon.eu\/news\/wp-json\/wp\/v2\/posts\/5989","targetHints":{"allow":["GET"]}}],"collection":[{"href":"https:\/\/renewable-carbon.eu\/news\/wp-json\/wp\/v2\/posts"}],"about":[{"href":"https:\/\/renewable-carbon.eu\/news\/wp-json\/wp\/v2\/types\/post"}],"author":[{"embeddable":true,"href":"https:\/\/renewable-carbon.eu\/news\/wp-json\/wp\/v2\/users\/3"}],"replies":[{"embeddable":true,"href":"https:\/\/renewable-carbon.eu\/news\/wp-json\/wp\/v2\/comments?post=5989"}],"version-history":[{"count":0,"href":"https:\/\/renewable-carbon.eu\/news\/wp-json\/wp\/v2\/posts\/5989\/revisions"}],"wp:attachment":[{"href":"https:\/\/renewable-carbon.eu\/news\/wp-json\/wp\/v2\/media?parent=5989"}],"wp:term":[{"taxonomy":"category","embeddable":true,"href":"https:\/\/renewable-carbon.eu\/news\/wp-json\/wp\/v2\/categories?post=5989"},{"taxonomy":"post_tag","embeddable":true,"href":"https:\/\/renewable-carbon.eu\/news\/wp-json\/wp\/v2\/tags?post=5989"},{"taxonomy":"supplier","embeddable":true,"href":"https:\/\/renewable-carbon.eu\/news\/wp-json\/wp\/v2\/supplier?post=5989"}],"curies":[{"name":"wp","href":"https:\/\/api.w.org\/{rel}","templated":true}]}}