{"id":5970,"date":"2003-02-18T00:00:00","date_gmt":"2003-02-17T22:00:00","guid":{"rendered":"http:\/\/www.bio-based.eu\/news\/index.php?startid=20030218-02n"},"modified":"2003-02-18T00:00:00","modified_gmt":"2003-02-17T22:00:00","slug":"kuenast-beruft-neuen-wissenschaftlichen-beirat","status":"publish","type":"post","link":"https:\/\/renewable-carbon.eu\/news\/kuenast-beruft-neuen-wissenschaftlichen-beirat\/","title":{"rendered":"K\u00fcnast beruft neuen Wissenschaftlichen Beirat"},"content":{"rendered":"<p>Bundesverbraucherministerin Renate K\u00fcnast hat einen neuen Wissenschaftlichen Beirat f\u00fcr Agrarpolitik, nachhaltige Landbewirtschaftung und Entwicklung l\u00e4ndlicher R\u00e4ume berufen. Er soll das Ministerium in agrarpolitischen Fragen beraten. &#8220;Wir brauchen wissenschaftlichen Rat bei der Weiterentwicklung der Agrarpolitik, die die Interessen und Bed\u00fcrfnisse der Land- und Forstwirtschaft wieder st\u00e4rker mit denen der Gesellschaft in Einklang bringen will. Es kommt darauf an, der Landwirtschaft, den l\u00e4ndlichen R\u00e4umen und den dort lebenden Menschen Entwicklungsperspektiven f\u00fcr die Zukunft zu geben &#8211; insbesondere angesichts von Herausforderungen wie Globalisierung, WTO und EU-Erweiterung&#8221;, so K\u00fcnast anl\u00e4sslich der konstituierenden Sitzung des Beirates heute in Berlin.<\/p>\n<p>Das Ministerium erwartet vom Beirat Beitr\u00e4ge zur Weiterentwicklung der Agrarpolitik. Aktuell betrifft das die laufende Halbzeitbewertung der Agenda 2000 und die Welthandelsrunde. Gefragt ist der Rat der Wissenschaftlerinnen und Wissenschaftler auch zur Zukunft der b\u00e4uerlichen Landwirtschaft, einer zukunftsorientierten Tierhaltung und der Weiterentwicklung der Forstpolitik. <\/p>\n<p>Im Beirat vertreten sind 15 Wissenschaftlerinnen und Wissenschaftler aus den Fachgebieten Agrar\u00f6konomie, Regionalentwicklung, Agrarsoziologie, Landschafts\u00f6kologie, Landbau, Tierhaltung und Tierschutz.<\/p>\n<p><b>Mitglieder des Wissenschaftlichen Beirats<\/b><\/p>\n<ul>\n<li><b>Prof. Dr. Stephan Dabbert<\/b> <br \/>Universit\u00e4t Hohenheim, Fakult\u00e4t f\u00fcr Agrarwissenschaften II<\/li>\n<li><b>Prof. Dr. Klaus Frohberg<\/b> <br \/>Zentrum f\u00fcr Entwicklungsforschung der Universit\u00e4t Bonn, Abteilung \u00d6konomie und technologischer Wandel<\/li>\n<li><b>Prof. Dr. Ulrike Grabski-Kieron<\/b> <br \/>Westf\u00e4lische Wilhelms-Universit\u00e4t M\u00fcnster &#8211; Institut f\u00fcr Geographie; Abt. Orts-, Regional- und Landesentwicklung\/Raumplanung<\/li>\n<li><b>Prof. Dr. J\u00f6rg Hartung<\/b> <br \/>Tier\u00e4rztliche Hochschule Hannover; Institut f\u00fcr Tierhygiene, Tierschutz und Nutztierethologie<\/li>\n<li><b>Prof. Dr. Alois Hei\u00dfenhuber<\/b><br \/>Technische Universit\u00e4t M\u00fcnchen; Lehrstuhl f\u00fcr Wirtschaftslehre des Landbaus<\/li>\n<li><b>Prof. Dr. J\u00fcrgen Hess<\/b><br \/>Universit\u00e4t Gesamthochschule Kassel; Fachbereich Landwirtschaft; Internationale Agrarentwicklung und \u00d6kologische Umweltsicherung Witzenhausen<\/li>\n<li><b>Prof. Dr. Heide Inhetveen<\/b> <br \/>Universit\u00e4t G\u00f6ttingen; Institut f\u00fcr Rurale Entwicklung<\/li>\n<li><b>Dir. und Prof. Prof. Dr. Folkhard Isermeyer<\/b> <br \/>Bundesforschungsanstalt f\u00fcr Landwirtschaft (FAL), Braunschweig; Institut f\u00fcr Betriebswirtschaft, Agrarstruktur und l\u00e4ndliche R\u00e4ume<\/li>\n<li><b>Prof. Dr. Dr. h.c. mult. Ernst Kalm<\/b> <br \/>Universit\u00e4t Kiel; Institut f\u00fcr Tierzucht und Tierhaltung<\/li>\n<li><b>Prof. Dr. Dr. h.c. Dieter Kirschke<\/b> <br \/>Humboldt-Universit\u00e4t Berlin &#8211; Institut f\u00fcr Wirtschafts- und Sozialwissenschaften des Landbaus, Agrarpolitik<\/li>\n<li><b>Prof. Dr. Dr. Annette Otte<\/b> <br \/>Universit\u00e4t Gie\u00dfen; Professur Landschafts\u00f6kologie und Landschaftsplanung <\/li>\n<li><b>Prof. Dr. Peter Michael Schmitz<\/b> <br \/>Universit\u00e4t Gie\u00dfen; Institut f\u00fcr Agrarpolitik und Marktforschung<\/li>\n<li><b>Prof. Dr. Albert Sundrum<\/b> <br \/>Universit\u00e4t Gesamthochschule Kassel; Fachbereich Tierern\u00e4hrung\/Tiergesundheit FB 11 -\u00d6kologische Agrarwissenschaften<\/li>\n<li><b>Dir. und Prof. Prof. Dr. Carsten Thoroe<\/b> <br \/>Bundesforschungsanstalt f\u00fcr Forst- und Holzwirtschaft, Hamburg<\/li>\n<li><b>Prof. Dr. Hannes Weindlmaier<\/b> <br \/>Technische Universit\u00e4t M\u00fcnchen\/Weihenstephan; Institut f\u00fcr Betriebswirtschaftslehre des FML<\/li>\n<\/ul>\n","protected":false},"excerpt":{"rendered":"<p>Bundesverbraucherministerin Renate K&uuml;nast hat einen neuen Wissenschaftlichen Beirat f&uuml;r Agrarpolitik, nachhaltige Landbewirtschaftung und Entwicklung l&auml;ndlicher R&auml;ume berufen. Er soll das Ministerium in agrarpolitischen Fragen beraten.<\/p>\n","protected":false},"author":3,"featured_media":0,"comment_status":"closed","ping_status":"closed","sticky":false,"template":"","format":"standard","meta":{"_seopress_robots_primary_cat":"","nova_meta_subtitle":"","footnotes":""},"categories":[5572],"tags":[],"supplier":[],"class_list":["post-5970","post","type-post","status-publish","format-standard","hentry","category-bio-based"],"_links":{"self":[{"href":"https:\/\/renewable-carbon.eu\/news\/wp-json\/wp\/v2\/posts\/5970","targetHints":{"allow":["GET"]}}],"collection":[{"href":"https:\/\/renewable-carbon.eu\/news\/wp-json\/wp\/v2\/posts"}],"about":[{"href":"https:\/\/renewable-carbon.eu\/news\/wp-json\/wp\/v2\/types\/post"}],"author":[{"embeddable":true,"href":"https:\/\/renewable-carbon.eu\/news\/wp-json\/wp\/v2\/users\/3"}],"replies":[{"embeddable":true,"href":"https:\/\/renewable-carbon.eu\/news\/wp-json\/wp\/v2\/comments?post=5970"}],"version-history":[{"count":0,"href":"https:\/\/renewable-carbon.eu\/news\/wp-json\/wp\/v2\/posts\/5970\/revisions"}],"wp:attachment":[{"href":"https:\/\/renewable-carbon.eu\/news\/wp-json\/wp\/v2\/media?parent=5970"}],"wp:term":[{"taxonomy":"category","embeddable":true,"href":"https:\/\/renewable-carbon.eu\/news\/wp-json\/wp\/v2\/categories?post=5970"},{"taxonomy":"post_tag","embeddable":true,"href":"https:\/\/renewable-carbon.eu\/news\/wp-json\/wp\/v2\/tags?post=5970"},{"taxonomy":"supplier","embeddable":true,"href":"https:\/\/renewable-carbon.eu\/news\/wp-json\/wp\/v2\/supplier?post=5970"}],"curies":[{"name":"wp","href":"https:\/\/api.w.org\/{rel}","templated":true}]}}