{"id":5968,"date":"2003-02-18T00:00:00","date_gmt":"2003-02-17T22:00:00","guid":{"rendered":"http:\/\/www.bio-based.eu\/news\/index.php?startid=20030218-06n"},"modified":"2003-02-18T00:00:00","modified_gmt":"2003-02-17T22:00:00","slug":"10-c-a-r-m-e-n-forum","status":"publish","type":"post","link":"https:\/\/renewable-carbon.eu\/news\/10-c-a-r-m-e-n-forum\/","title":{"rendered":"10. C.A.R.M.E.N.-Forum"},"content":{"rendered":"<p><b>&#8220;Wirtschaftliche Aspekte von Biokraftstoffen, Bioschmierstoffen und Biogasanlagen&#8221;<\/b>, unter diesem Motto steht am 7. April 2003 im Straubinger Herzogschloss das 10. C.A.R.M.E.N.-Forum.<\/p>\n<p>&#8220;Der enorme Zuspruch beim letzten Forum, in dem Qualit\u00e4tsaspekte bei biogenen Treib- und Kraftstoffen den Schwerpunkt bildeten, hat uns dazu bewogen, in diesem Jahr vor allem wirtschaftliche Aspekte n\u00e4her zu beleuchten&#8221;, so Hubert Maierhofer, Projektmanager bei C.A.R.M.E.N. <\/p>\n<p>Das &#8220;Qualit\u00e4tsmanagement&#8221; biogener Kraftstoffe zog im letzten Jahr \u00fcber 200 Biomasse-Interessierte in den Straubinger Rathaussaal. Auch diesmal sind vor allem die Anwender in der Praxis angesprochen. Techniker und Berater aus dem Umwelt- und Energiebereich sind ebenso willkommen wie Landwirte, Anlagenbauer, Planungsb\u00fcros, Beh\u00f6rdenvertreter und alle fachlich Interessierten.<\/p>\n<p>Mit einem Referat zum Thema &#8220;Beitr\u00e4ge der Land- und Forstwirtschaft zur Mobilit\u00e4t in der modernen Gesellschaft&#8221; wird Bayerns Landwirtschaftsminister Josef Miller das C.A.R.M.E.N.-Forum 2003 er\u00f6ffnen. In den anschliessenden Fachbl\u00f6cken <b>&#8220;Biokraftstoffe&#8221; &#8211; &#8220;Bioschmierstoffe&#8221; &#8211; &#8220;Biogasanlagen&#8221;<\/b> berichten Experten aus Industrie, Dienstleistungsunternehmen und Praxis. Im Anschluss an die Vortr\u00e4ge stehen die Referenten f\u00fcr Fragen bereit. Die Teilnahme ist kostenlos, eine Anmeldung erforderlich.<\/p>\n<p><b>Weitere Informationen<\/b> zum C.A.R.M.E.N.-Forum im Internet unter <a href=\"http:\/\/www.carmen-ev.de\/\" >http:\/\/www.carmen-ev.de<\/a> oder bei <\/p>\n<p>C.A.R.M.E.N. e.V. <br \/>Frau Carmen Weber<br \/>Tel.: 09421-960-300<br \/>E-Mail: <a href=\"mailto:cw@carmen-ev.de\">cw@carmen-ev.de<\/a> <\/p>\n<p>(Vgl. Veranstaltungshinweis vom <a href=\"https:\/\/renewable-carbon.eu\/news\/\/\" >2003-04-07<\/a>.)<\/p>\n","protected":false},"excerpt":{"rendered":"<p><b>&#8220;Wirtschaftliche Aspekte von Biokraftstoffen, Bioschmierstoffen und Biogasanlagen&#8221;<\/b>, unter diesem Motto steht am 7. April 2003 im Straubinger Herzogschloss das 10. C.A.R.M.E.N.-Forum.<\/p>\n<p>&#8220;Der enorme Zuspruch<\/p>\n","protected":false},"author":3,"featured_media":0,"comment_status":"closed","ping_status":"closed","sticky":false,"template":"","format":"standard","meta":{"_seopress_robots_primary_cat":"","nova_meta_subtitle":"","footnotes":""},"categories":[5572],"tags":[],"supplier":[],"class_list":["post-5968","post","type-post","status-publish","format-standard","hentry","category-bio-based"],"_links":{"self":[{"href":"https:\/\/renewable-carbon.eu\/news\/wp-json\/wp\/v2\/posts\/5968","targetHints":{"allow":["GET"]}}],"collection":[{"href":"https:\/\/renewable-carbon.eu\/news\/wp-json\/wp\/v2\/posts"}],"about":[{"href":"https:\/\/renewable-carbon.eu\/news\/wp-json\/wp\/v2\/types\/post"}],"author":[{"embeddable":true,"href":"https:\/\/renewable-carbon.eu\/news\/wp-json\/wp\/v2\/users\/3"}],"replies":[{"embeddable":true,"href":"https:\/\/renewable-carbon.eu\/news\/wp-json\/wp\/v2\/comments?post=5968"}],"version-history":[{"count":0,"href":"https:\/\/renewable-carbon.eu\/news\/wp-json\/wp\/v2\/posts\/5968\/revisions"}],"wp:attachment":[{"href":"https:\/\/renewable-carbon.eu\/news\/wp-json\/wp\/v2\/media?parent=5968"}],"wp:term":[{"taxonomy":"category","embeddable":true,"href":"https:\/\/renewable-carbon.eu\/news\/wp-json\/wp\/v2\/categories?post=5968"},{"taxonomy":"post_tag","embeddable":true,"href":"https:\/\/renewable-carbon.eu\/news\/wp-json\/wp\/v2\/tags?post=5968"},{"taxonomy":"supplier","embeddable":true,"href":"https:\/\/renewable-carbon.eu\/news\/wp-json\/wp\/v2\/supplier?post=5968"}],"curies":[{"name":"wp","href":"https:\/\/api.w.org\/{rel}","templated":true}]}}