{"id":5942,"date":"2003-02-25T00:00:00","date_gmt":"2003-02-24T22:00:00","guid":{"rendered":"http:\/\/www.bio-based.eu\/news\/index.php?startid=20030225-02n"},"modified":"2003-02-25T00:00:00","modified_gmt":"2003-02-24T22:00:00","slug":"naturkonstrukt-kieselalgen-leichtbauweise-fuer-die-zukunft","status":"publish","type":"post","link":"https:\/\/renewable-carbon.eu\/news\/naturkonstrukt-kieselalgen-leichtbauweise-fuer-die-zukunft\/","title":{"rendered":"Naturkonstrukt Kieselalgen: Leichtbauweise f\u00fcr die Zukunft?"},"content":{"rendered":"<p>Wie Forscher vom Alfred-Wegener-Institut f\u00fcr Polar- und Meeresforschung in Bremerhaven im Magazin &#8220;<a href=\"http:\/\/www.nature.com\/nsu\/021125\/021125-12.html\" >Nature<\/a>\u201c berichten, k\u00f6nnten die Schalen von Kieselalgen (Diatomeen) k\u00fcnftig zum Vorbild leichter und gleichzeitig stabiler Bauteile avancieren. Ihre teilweise fantastisch anmutenden Silikatschalen bestehen aus Mineralteilchen, die in organisches Material eingebettet sind, \u00e4hnlich wie Knochen.<\/p>\n<p>Das Team um Christian Hamm ermittelte bei den fragil erscheinenden Natur-Konstruktionen eine bemerkenswerte Druckfestigkeit, indem sie die Zellen mit winzigen Glaspipetten bis zum Bruch belasteten. Einige der Widerstandf\u00e4higsten der Art Fragilariopsis kerguelensis hielten sogar Kr\u00e4ften von bis zu 730 Mikronewton stand, entsprechend einem Druck von bis zu 700 Tonnen pro Quadratmeter.<\/p>\n<p>Bei n\u00e4heren Pr\u00fcfungen fanden die Wissenschaftler, dass die Diatomeenschalen sowohl eine gewisse Elastizit\u00e4t besitzen, als auch die belastenden Kr\u00e4fte von weniger stabilen in st\u00e4rkere Sektoren weiterleiten. &#8220;Es scheint, dass diese Mikrostrukturen nicht einfach nur \u201enat\u00fcrliche Kunstformen\u201c sind, sondern Resultat einer Selektion sind, wie sie ganz \u00e4hnlich auch in der makroskopischen Welt abl\u00e4uft&#8221;, schreiben die Forscher.<\/p>\n<p>Der Stabilit\u00e4t der Algenschalen sorgt somit daf\u00fcr, dass kaum nat\u00fcrliche Feinde diese Organismen, die f\u00fcr den gr\u00f6\u00dften Teil der Produktion von Sauerstoff und Biomasse in den Ozeanen verantwortlich sind, dezimieren k\u00f6nnen. Somit sei auch ihr Einfluss auf die Stoff- und Energiefl\u00fcsse im Meer &#8211; und damit beispielsweise auch auf das Klima nicht zu untersch\u00e4tzen.<\/p>\n","protected":false},"excerpt":{"rendered":"<p>Wie Forscher vom Alfred-Wegener-Institut f&uuml;r Polar- und Meeresforschung in Bremerhaven im Magazin &#8220;Nature&ldquo; berichten, k&ouml;nnten die Schalen von Kieselalgen (Diatomeen) k&uuml;nftig zum Vorbild leichter und<\/p>\n","protected":false},"author":3,"featured_media":0,"comment_status":"closed","ping_status":"closed","sticky":false,"template":"","format":"standard","meta":{"_seopress_robots_primary_cat":"","nova_meta_subtitle":"","footnotes":""},"categories":[5572],"tags":[],"supplier":[],"class_list":["post-5942","post","type-post","status-publish","format-standard","hentry","category-bio-based"],"_links":{"self":[{"href":"https:\/\/renewable-carbon.eu\/news\/wp-json\/wp\/v2\/posts\/5942","targetHints":{"allow":["GET"]}}],"collection":[{"href":"https:\/\/renewable-carbon.eu\/news\/wp-json\/wp\/v2\/posts"}],"about":[{"href":"https:\/\/renewable-carbon.eu\/news\/wp-json\/wp\/v2\/types\/post"}],"author":[{"embeddable":true,"href":"https:\/\/renewable-carbon.eu\/news\/wp-json\/wp\/v2\/users\/3"}],"replies":[{"embeddable":true,"href":"https:\/\/renewable-carbon.eu\/news\/wp-json\/wp\/v2\/comments?post=5942"}],"version-history":[{"count":0,"href":"https:\/\/renewable-carbon.eu\/news\/wp-json\/wp\/v2\/posts\/5942\/revisions"}],"wp:attachment":[{"href":"https:\/\/renewable-carbon.eu\/news\/wp-json\/wp\/v2\/media?parent=5942"}],"wp:term":[{"taxonomy":"category","embeddable":true,"href":"https:\/\/renewable-carbon.eu\/news\/wp-json\/wp\/v2\/categories?post=5942"},{"taxonomy":"post_tag","embeddable":true,"href":"https:\/\/renewable-carbon.eu\/news\/wp-json\/wp\/v2\/tags?post=5942"},{"taxonomy":"supplier","embeddable":true,"href":"https:\/\/renewable-carbon.eu\/news\/wp-json\/wp\/v2\/supplier?post=5942"}],"curies":[{"name":"wp","href":"https:\/\/api.w.org\/{rel}","templated":true}]}}