{"id":5937,"date":"2003-02-26T00:00:00","date_gmt":"2003-02-25T22:00:00","guid":{"rendered":"http:\/\/www.bio-based.eu\/news\/index.php?startid=20030226-06n"},"modified":"2003-02-26T00:00:00","modified_gmt":"2003-02-25T22:00:00","slug":"eu-osterweiterung-neue-hoffnung-fuer-sachsens-flachs-anbauern","status":"publish","type":"post","link":"https:\/\/renewable-carbon.eu\/news\/eu-osterweiterung-neue-hoffnung-fuer-sachsens-flachs-anbauern\/","title":{"rendered":"EU-Osterweiterung: Neue Hoffnung f\u00fcr Sachsens Flachs-Anbauern?"},"content":{"rendered":"<p>Mit 150 Hektar Anbaufl\u00e4che ist Sachsen f\u00fchrend im Flachsanbau, das Marketing ist jedoch ein Problem. \u201eWir hatten uns vor Jahren auf Kurz-Fasern spezialisiert\u201c, Manfred Sarodnik, Gesch\u00e4ftsf\u00fchrer der einzigen s\u00e4chsischen Flachs-Aufbereitungsanlage im erzgebirgischen Voigtsdorf, hofft nun auf bessere Absatzm\u00f6glichkeiten durch die Zusammenarbeit mit tschechischen Betrieben, denn auf dem Weltmarkt und insbesondere in den Benelux-L\u00e4ndern habe sich die Langfaser durchgesetzt.<\/p>\n<p>Eine Tatsache, der die Voigtsdorfer Anlage technisch nicht gewachsen war. Langfaser-Anlagen sowie -Spinnereien g\u00e4be es zwar ein paar Kilometer weiter &#8211; jenseits der tschechischen Grenze &#8211; aber leider verhindere die bestehende EU-Grenze noch jegliche Kooperation. <\/p>\n<p>Darin sieht auch Christian R\u00f6hricht von der s\u00e4chsischen Landesanstalt f\u00fcr Landwirtschaft in Leipzig die Zukunft f\u00fcr die heimische Flachs- und Hanf-Branche, f\u00fcr den die Verarbeitungs- und Vermarktungsketten eine dringende Voraussetzung darstellen. \u201eWer das nicht hat, dem kann ich im Moment nicht zum Anbau dieser Pflanzen raten\u201c, das ist auch die Meinung von Fachreferent Hermann Hansen der <a href=\"http:\/\/www.fnr.de\/\" >Fachagentur nachwachsende Rohstoffe<\/a> im mecklenburgischen G\u00fclzow, der das Beispiel des schleswig-holsteinischen Unternehmens <a href=\"http:\/\/www.holstein-flachs.de\/\" >Holstein-Flachs<\/a> anf\u00fchrt, wo inzwischen eigene Modekollektionen entwickelt und vermarktet werden.<\/p>\n<p>Dennoch baut R\u00f6hricht auf die Qualit\u00e4t und gute Energiebilanz der Naturfasern sowie die wachsende Nachfrage der Automobilindustrie. So gibt das s\u00e4chsische <a href=\"http:\/\/www.smul.sachsen.de\/\" >Landwirtschaftsministerium<\/a> an, dass die Menge der in der gesamten Branche verarbeiteten Flachs-Fasern von 2.000 Tonnen im Jahr 1996 auf 12.700 Tonnen im Jahr 2000 angestiegen sei. Indes regiert auch hier ein Preiskampf den Weltmarkt , dem die deutsche Produktion kaum standhalten k\u00f6nne.<\/p>\n<p>Mehr Mittel f\u00fcr mehr Naturfaser-Marketing &#8211; dies will Hansen beim Bund erreichen, denn auf steigende Nachfrage k\u00f6nne man sofort reagieren, so Betriebsleiter Sarodnik: \u201eWir k\u00f6nnten sofort 700 Hektar anbauen und verarbeiten.&#8221;<\/p>\n<p>(Vgl. Meldung vom <a href=\"https:\/\/renewable-carbon.eu\/news\/nova-studie-naturfasereinsatz-in-verbundwerkstoffen-in-der-automobilindustrie\/\" >2003-02-05<\/a>.)<\/p>\n","protected":false},"excerpt":{"rendered":"<p>Mit 150 Hektar Anbaufl&auml;che ist Sachsen f&uuml;hrend im Flachsanbau, das Marketing ist jedoch ein Problem. &bdquo;Wir hatten uns vor Jahren auf Kurz-Fasern spezialisiert&ldquo;, Manfred Sarodnik,<\/p>\n","protected":false},"author":3,"featured_media":0,"comment_status":"closed","ping_status":"closed","sticky":false,"template":"","format":"standard","meta":{"_seopress_robots_primary_cat":"","nova_meta_subtitle":"","footnotes":""},"categories":[5572],"tags":[],"supplier":[],"class_list":["post-5937","post","type-post","status-publish","format-standard","hentry","category-bio-based"],"_links":{"self":[{"href":"https:\/\/renewable-carbon.eu\/news\/wp-json\/wp\/v2\/posts\/5937","targetHints":{"allow":["GET"]}}],"collection":[{"href":"https:\/\/renewable-carbon.eu\/news\/wp-json\/wp\/v2\/posts"}],"about":[{"href":"https:\/\/renewable-carbon.eu\/news\/wp-json\/wp\/v2\/types\/post"}],"author":[{"embeddable":true,"href":"https:\/\/renewable-carbon.eu\/news\/wp-json\/wp\/v2\/users\/3"}],"replies":[{"embeddable":true,"href":"https:\/\/renewable-carbon.eu\/news\/wp-json\/wp\/v2\/comments?post=5937"}],"version-history":[{"count":0,"href":"https:\/\/renewable-carbon.eu\/news\/wp-json\/wp\/v2\/posts\/5937\/revisions"}],"wp:attachment":[{"href":"https:\/\/renewable-carbon.eu\/news\/wp-json\/wp\/v2\/media?parent=5937"}],"wp:term":[{"taxonomy":"category","embeddable":true,"href":"https:\/\/renewable-carbon.eu\/news\/wp-json\/wp\/v2\/categories?post=5937"},{"taxonomy":"post_tag","embeddable":true,"href":"https:\/\/renewable-carbon.eu\/news\/wp-json\/wp\/v2\/tags?post=5937"},{"taxonomy":"supplier","embeddable":true,"href":"https:\/\/renewable-carbon.eu\/news\/wp-json\/wp\/v2\/supplier?post=5937"}],"curies":[{"name":"wp","href":"https:\/\/api.w.org\/{rel}","templated":true}]}}