{"id":5924,"date":"2003-02-28T00:00:00","date_gmt":"2003-02-27T22:00:00","guid":{"rendered":"http:\/\/www.bio-based.eu\/news\/index.php?startid=20030228-03n"},"modified":"2003-02-28T00:00:00","modified_gmt":"2003-02-27T22:00:00","slug":"malchin-grundsteinlegung-fuer-neue-biodiesel-anlage","status":"publish","type":"post","link":"https:\/\/renewable-carbon.eu\/news\/malchin-grundsteinlegung-fuer-neue-biodiesel-anlage\/","title":{"rendered":"Malchin: Grundsteinlegung f\u00fcr neue Biodiesel-Anlage"},"content":{"rendered":"<p>Gestern wurde in Malchin der Grundstein f\u00fcr die erste Raps\u00f6l-Veresterungsanlage gelegt. Das 17 Mio.-Projekt soll im Mai kommenden Jahres seinen Betrieb aufnehmen und per Warmpressverfahren 40 Mio. Liter Biodiesel aus ca. 85.000 Tonnen Raps erzeugen, wie Burkhard Kr\u00fcger, der Gesch\u00e4ftsf\u00fchrer des Betreiberunternehmens Rapsveredlung Vorpommern GmbH &#038; Co. KG, angab. F\u00fcr die ben\u00f6tigten 85.000 Tonnen Raps aus der Region best\u00fcnden auch schon feste Liefervertr\u00e4ge. <\/p>\n<p>Insgesamt seien einheimische Rapsbetriebe, Handelsunternehmen, Futtermittelproduzenten sowie Spediteure und Privatpersonen als Gesellschafter der Anlage benannt, die auch schon f\u00fcr 17 Prozent des abzunehmenden Biodiesels einstehen. Die Restmenge sei bereits Verhandlungsgegenstand mit zwei Gro\u00dfabnehmern, w\u00e4hrend f\u00fcr die Nebenprodukte (5.000 Tonnen Glycerin und 45.000 Tonnen Rapskuchen) schon ausreichendes Interesse aus der Pharma- und Kosmetikindustrie bzw. im Futtermittelsektor bestehe, wie Kr\u00fcger erkl\u00e4rte.<\/p>\n<p>(Vgl. Meldungen vom <a href=\"https:\/\/renewable-carbon.eu\/news\/brandenburg-und-malchin-zwei-neue-biodieselanlagen\/\" >2002-11-15<\/a> und <a href=\"https:\/\/renewable-carbon.eu\/news\/rostocker-forscher-sollen-kaelteverhalten-von-tierfett-diesel-verbessern\/\" >2002-08-12<\/a>.)<\/p>\n","protected":false},"excerpt":{"rendered":"<p>Gestern wurde in Malchin der Grundstein f&uuml;r die erste Raps&ouml;l-Veresterungsanlage gelegt. Das 17 Mio.-Projekt soll im Mai kommenden Jahres seinen Betrieb aufnehmen und per Warmpressverfahren<\/p>\n","protected":false},"author":3,"featured_media":0,"comment_status":"closed","ping_status":"closed","sticky":false,"template":"","format":"standard","meta":{"_seopress_robots_primary_cat":"","nova_meta_subtitle":"","footnotes":""},"categories":[5572],"tags":[],"supplier":[],"class_list":["post-5924","post","type-post","status-publish","format-standard","hentry","category-bio-based"],"_links":{"self":[{"href":"https:\/\/renewable-carbon.eu\/news\/wp-json\/wp\/v2\/posts\/5924","targetHints":{"allow":["GET"]}}],"collection":[{"href":"https:\/\/renewable-carbon.eu\/news\/wp-json\/wp\/v2\/posts"}],"about":[{"href":"https:\/\/renewable-carbon.eu\/news\/wp-json\/wp\/v2\/types\/post"}],"author":[{"embeddable":true,"href":"https:\/\/renewable-carbon.eu\/news\/wp-json\/wp\/v2\/users\/3"}],"replies":[{"embeddable":true,"href":"https:\/\/renewable-carbon.eu\/news\/wp-json\/wp\/v2\/comments?post=5924"}],"version-history":[{"count":0,"href":"https:\/\/renewable-carbon.eu\/news\/wp-json\/wp\/v2\/posts\/5924\/revisions"}],"wp:attachment":[{"href":"https:\/\/renewable-carbon.eu\/news\/wp-json\/wp\/v2\/media?parent=5924"}],"wp:term":[{"taxonomy":"category","embeddable":true,"href":"https:\/\/renewable-carbon.eu\/news\/wp-json\/wp\/v2\/categories?post=5924"},{"taxonomy":"post_tag","embeddable":true,"href":"https:\/\/renewable-carbon.eu\/news\/wp-json\/wp\/v2\/tags?post=5924"},{"taxonomy":"supplier","embeddable":true,"href":"https:\/\/renewable-carbon.eu\/news\/wp-json\/wp\/v2\/supplier?post=5924"}],"curies":[{"name":"wp","href":"https:\/\/api.w.org\/{rel}","templated":true}]}}