{"id":5911,"date":"2003-03-07T00:00:00","date_gmt":"2003-03-06T22:00:00","guid":{"rendered":"http:\/\/www.bio-based.eu\/news\/index.php?startid=20030307-02n"},"modified":"2003-03-07T00:00:00","modified_gmt":"2003-03-06T22:00:00","slug":"einladung-zur-naechsten-internationalen-naturtextilmesse-innatex","status":"publish","type":"post","link":"https:\/\/renewable-carbon.eu\/news\/einladung-zur-naechsten-internationalen-naturtextilmesse-innatex\/","title":{"rendered":"Einladung zur n\u00e4chsten Internationalen Naturtextilmesse (InNaTex)"},"content":{"rendered":"<p>Sehr geehrte Damen und Herren,<\/p>\n<p>heute laden wir Sie herzlich ein, als Aussteller an der n\u00e4chsten InNaTex vom 09. bis 11. August 2003 teilzunehmen.<\/p>\n<p>Gute Ums\u00e4tze, intensive Kontakte, neue Kunden und g\u00fcnstige Ausstellungsbedingungen &#8211; das sind f\u00fcr Sie als Anbieter die wesentlichen Vorz\u00fcge der InNaTex. Profitieren Sie vom wachsenden Erfolg der f\u00fchrenden Leitmesse f\u00fcr Naturtextilien in Europa. 36% mehr Fachbesucher und 22% mehr internationale Besucher brachten den 207 Ausstellern der 12. InNaTex allgemein starke Orderzuw\u00e4chse.<\/p>\n<p>Senden uns Ihre Anmeldung (Formulare im Internet unter <a href=\"http:\/\/www.innatex.de\/ausstelleranmeldung.html\" >http:\/\/www.innatex.de\/ausstelleranmeldung.html<\/a>) m\u00f6glichst bald vollst\u00e4ndig ausgef\u00fcllt zur\u00fcck, damit wir Ihnen einen guten Standplatz sichern k\u00f6nnen. Falls Sie Fragen haben oder weitere Informationen zur Internationalen Naturtextilmesse ben\u00f6tigen, stehen wir Ihnen jederzeit gerne zur Verf\u00fcgung.<\/p>\n<p>Wir w\u00fcnschen Ihnen viel Erfolg und freuen uns auf Ihre Teilnahme an der n\u00e4chsten InNaTex vom 09. bis 11. August 2003 im Ardek Center in Wallau bei Frankfurt am Main.<\/p>\n<p>Mit freundlichen Gr\u00fc\u00dfen<\/p>\n<p>Sharok Abdinow (Messeleitung InNaTex)<\/p>\n<p>Tel.: +49 (0)69-63 00 92-33<br \/>Fax: +49 (0)69-63 00 92-29<br \/>E-Mail: <a href=\"mailto:info@innatex.de\">info@innatex.de<\/a><br \/>Internet: <a href=\"http:\/\/www.innatex.de\/\" >www.innatex.de<\/a><\/p>\n","protected":false},"excerpt":{"rendered":"<p>Sehr geehrte Damen und Herren,<\/p>\n<p>heute laden wir Sie herzlich ein, als Aussteller an der n&auml;chsten InNaTex vom 09. bis 11. August 2003 teilzunehmen.<\/p>\n","protected":false},"author":3,"featured_media":0,"comment_status":"closed","ping_status":"closed","sticky":false,"template":"","format":"standard","meta":{"_seopress_robots_primary_cat":"","nova_meta_subtitle":"","footnotes":""},"categories":[5572],"tags":[],"supplier":[],"class_list":["post-5911","post","type-post","status-publish","format-standard","hentry","category-bio-based"],"_links":{"self":[{"href":"https:\/\/renewable-carbon.eu\/news\/wp-json\/wp\/v2\/posts\/5911","targetHints":{"allow":["GET"]}}],"collection":[{"href":"https:\/\/renewable-carbon.eu\/news\/wp-json\/wp\/v2\/posts"}],"about":[{"href":"https:\/\/renewable-carbon.eu\/news\/wp-json\/wp\/v2\/types\/post"}],"author":[{"embeddable":true,"href":"https:\/\/renewable-carbon.eu\/news\/wp-json\/wp\/v2\/users\/3"}],"replies":[{"embeddable":true,"href":"https:\/\/renewable-carbon.eu\/news\/wp-json\/wp\/v2\/comments?post=5911"}],"version-history":[{"count":0,"href":"https:\/\/renewable-carbon.eu\/news\/wp-json\/wp\/v2\/posts\/5911\/revisions"}],"wp:attachment":[{"href":"https:\/\/renewable-carbon.eu\/news\/wp-json\/wp\/v2\/media?parent=5911"}],"wp:term":[{"taxonomy":"category","embeddable":true,"href":"https:\/\/renewable-carbon.eu\/news\/wp-json\/wp\/v2\/categories?post=5911"},{"taxonomy":"post_tag","embeddable":true,"href":"https:\/\/renewable-carbon.eu\/news\/wp-json\/wp\/v2\/tags?post=5911"},{"taxonomy":"supplier","embeddable":true,"href":"https:\/\/renewable-carbon.eu\/news\/wp-json\/wp\/v2\/supplier?post=5911"}],"curies":[{"name":"wp","href":"https:\/\/api.w.org\/{rel}","templated":true}]}}