{"id":5909,"date":"2003-03-10T00:00:00","date_gmt":"2003-03-09T22:00:00","guid":{"rendered":"http:\/\/www.bio-based.eu\/news\/index.php?startid=20030310-02n"},"modified":"2003-03-10T00:00:00","modified_gmt":"2003-03-09T22:00:00","slug":"mexiko-die-frucht-des-linaloe-baums-wirtschaftlich-nutzbar","status":"publish","type":"post","link":"https:\/\/renewable-carbon.eu\/news\/mexiko-die-frucht-des-linaloe-baums-wirtschaftlich-nutzbar\/","title":{"rendered":"Mexiko: Die Frucht des Linaloe-Baums wirtschaftlich nutzbar"},"content":{"rendered":"<p>Auf einer Sonderseite anl\u00e4sslich des Vorlesungsbeginns zum Sommersemester an der <a href=\"http:\/\/www.fh-osnabrueck.de\/\" >Fachhochschule Osnabr\u00fcck<\/a> berichtete die <a href=\"http:\/\/www.neue-oz.de\/\" >Neue Osnabr\u00fccker Zeitung<\/a> am 04. M\u00e4rz 2003 \u00fcber die Arbeit des FH-Absolventen Robert Gla\u00df, der sein Studium am Fachbereich Agrarwissenschaften mit einer Diplomarbeit \u00fcber die wirtschaftliche Nutzung des Linaloe-Baums in Mexiko abschloss.<\/p>\n<p>Die Diplomarbeit wurde k\u00fcrzlich mit dem Weser-Ems-Wissenschaftspreis der Stiftung der Oldenburgischen Landesbank pr\u00e4miert.<\/p>\n<p>Neben den akademischen Weihen verdiente sich Gla\u00df auch den Respekt der Nahua-Indianer im s\u00fcdlichen Mexiko. Dort half er, den Linaloe-Baum wirtschaftlich nutzbar zu machen, aus dessen Holz sich \u00e4therische \u00d6le f\u00fcr kosmetische und medizinische Zwecke gewinnen lassen. Gla\u00df entwickelte ein Verfahren, diese \u00d6le auch aus der \u00d6lfrucht des Baumes zu gewinnen, zum einen, um den Baumbestand zu sch\u00fctzen und zum anderen, den Indianern zu einem wirtschaftlichen Standbein zu verhelfen.<\/p>\n","protected":false},"excerpt":{"rendered":"<p>Auf einer Sonderseite anl&auml;sslich des Vorlesungsbeginns zum Sommersemester an der Fachhochschule Osnabr&uuml;ck berichtete die Neue Osnabr&uuml;cker Zeitung am 04. M&auml;rz 2003 &uuml;ber die Arbeit des<\/p>\n","protected":false},"author":3,"featured_media":0,"comment_status":"closed","ping_status":"closed","sticky":false,"template":"","format":"standard","meta":{"_seopress_robots_primary_cat":"","nova_meta_subtitle":"","footnotes":""},"categories":[5572],"tags":[],"supplier":[],"class_list":["post-5909","post","type-post","status-publish","format-standard","hentry","category-bio-based"],"_links":{"self":[{"href":"https:\/\/renewable-carbon.eu\/news\/wp-json\/wp\/v2\/posts\/5909","targetHints":{"allow":["GET"]}}],"collection":[{"href":"https:\/\/renewable-carbon.eu\/news\/wp-json\/wp\/v2\/posts"}],"about":[{"href":"https:\/\/renewable-carbon.eu\/news\/wp-json\/wp\/v2\/types\/post"}],"author":[{"embeddable":true,"href":"https:\/\/renewable-carbon.eu\/news\/wp-json\/wp\/v2\/users\/3"}],"replies":[{"embeddable":true,"href":"https:\/\/renewable-carbon.eu\/news\/wp-json\/wp\/v2\/comments?post=5909"}],"version-history":[{"count":0,"href":"https:\/\/renewable-carbon.eu\/news\/wp-json\/wp\/v2\/posts\/5909\/revisions"}],"wp:attachment":[{"href":"https:\/\/renewable-carbon.eu\/news\/wp-json\/wp\/v2\/media?parent=5909"}],"wp:term":[{"taxonomy":"category","embeddable":true,"href":"https:\/\/renewable-carbon.eu\/news\/wp-json\/wp\/v2\/categories?post=5909"},{"taxonomy":"post_tag","embeddable":true,"href":"https:\/\/renewable-carbon.eu\/news\/wp-json\/wp\/v2\/tags?post=5909"},{"taxonomy":"supplier","embeddable":true,"href":"https:\/\/renewable-carbon.eu\/news\/wp-json\/wp\/v2\/supplier?post=5909"}],"curies":[{"name":"wp","href":"https:\/\/api.w.org\/{rel}","templated":true}]}}