{"id":5849,"date":"2003-01-17T00:00:00","date_gmt":"2003-01-16T22:00:00","guid":{"rendered":"http:\/\/www.bio-based.eu\/news\/index.php?startid=20030117-03n"},"modified":"2003-01-17T00:00:00","modified_gmt":"2003-01-16T22:00:00","slug":"tat-sucht-experten-zum-projekt-nachwachsende-rohstoffe-im-betrieb","status":"publish","type":"post","link":"https:\/\/renewable-carbon.eu\/news\/tat-sucht-experten-zum-projekt-nachwachsende-rohstoffe-im-betrieb\/","title":{"rendered":"TaT sucht \u201eExperten\u201c zum Projekt \u201eNachwachsende Rohstoffe im Betrieb\u201c"},"content":{"rendered":"<p>Noch vor der offiziellen Auftaktveranstaltung am 23. Januar beginnt die inhaltliche Arbeit des <a href=\"http:\/\/www.tat-zentrum.de\/\" >TAT<\/a> am Projekt \u201eNachwachsende Rohstoffe im Betrieb\u201c. Das TaT Transferzentrum f\u00fcr angepasste Technologien in Rheine sucht Experten, die etwas beisteuern k\u00f6nnen zu einem Leitfaden. Dieser soll kleinen und mittleren Unternehmen die Entscheidung dar\u00fcber erleichtern, ob es sich f\u00fcr sie lohnt, teilweise auf nachwachsende Rohstoffe umzusteigen: bei den Hilfs- und Verfahrensstoffen oder bei den Produkten.<\/p>\n<p>\u201eExperten\u201c, erkl\u00e4rt TaT Gesch\u00e4ftsf\u00fchrer Professor Tschiedel, \u201esind f\u00fcr mich nicht vor allem Professoren und sonstige Fachleute in Verb\u00e4nden und \u00e4hnlichen Einrichtungen. Mit Experten meinen wir hier vor allem Unternehmerinnen und Unternehmer, die schon Erfahrungen mit dem Einsatz nachwachsender Rohstoffe gesammelt haben. Aber auch solche, die nachwachsende Rohstoffe produzieren oder vertreiben, die f\u00fcr einen betrieblichen Einsatz in Frage kommen.\u201c<br \/>Nach \u00dcberzeugung des TaT sind n\u00e4mlich positive und negative Erfahrungsberichte f\u00fcr die, die noch z\u00f6gern, h\u00e4ufig wichtiger als noch so detaillierte Expertisen.<\/p>\n<p>Wer Lust hat, mitzumachen in einem lebendigen und innovativen Projekt oder gern weitere Informationen h\u00e4tte, ist also gebeten, sich m\u00f6glichst bald beim TaT zu melden. Durch die Mitwirkung entstehende Kosten k\u00f6nnen in Ma\u00dfen und nach Vereinbarung \u00fcbernommen werden.<\/p>\n<p><b>Informationen:<\/b><br \/>TaT Transferzentrum f\u00fcr angepa\u00dfte Technologien GmbH<br \/>Hovesaatstra\u00dfe 6<br \/>48432 Rheine <br \/>Tel. 05971-990100<br \/>E-Mail: <a href=\"mailto:info@tat-zentrum.de\">info@tat-zentrum.de<\/a><\/p>\n","protected":false},"excerpt":{"rendered":"<p>Noch vor der offiziellen Auftaktveranstaltung am 23. Januar beginnt die inhaltliche Arbeit des TAT am Projekt &bdquo;Nachwachsende Rohstoffe im Betrieb&ldquo;. Das TaT Transferzentrum f&uuml;r angepasste<\/p>\n","protected":false},"author":3,"featured_media":0,"comment_status":"closed","ping_status":"closed","sticky":false,"template":"","format":"standard","meta":{"_seopress_robots_primary_cat":"","nova_meta_subtitle":"","footnotes":""},"categories":[5572],"tags":[],"supplier":[],"class_list":["post-5849","post","type-post","status-publish","format-standard","hentry","category-bio-based"],"_links":{"self":[{"href":"https:\/\/renewable-carbon.eu\/news\/wp-json\/wp\/v2\/posts\/5849","targetHints":{"allow":["GET"]}}],"collection":[{"href":"https:\/\/renewable-carbon.eu\/news\/wp-json\/wp\/v2\/posts"}],"about":[{"href":"https:\/\/renewable-carbon.eu\/news\/wp-json\/wp\/v2\/types\/post"}],"author":[{"embeddable":true,"href":"https:\/\/renewable-carbon.eu\/news\/wp-json\/wp\/v2\/users\/3"}],"replies":[{"embeddable":true,"href":"https:\/\/renewable-carbon.eu\/news\/wp-json\/wp\/v2\/comments?post=5849"}],"version-history":[{"count":0,"href":"https:\/\/renewable-carbon.eu\/news\/wp-json\/wp\/v2\/posts\/5849\/revisions"}],"wp:attachment":[{"href":"https:\/\/renewable-carbon.eu\/news\/wp-json\/wp\/v2\/media?parent=5849"}],"wp:term":[{"taxonomy":"category","embeddable":true,"href":"https:\/\/renewable-carbon.eu\/news\/wp-json\/wp\/v2\/categories?post=5849"},{"taxonomy":"post_tag","embeddable":true,"href":"https:\/\/renewable-carbon.eu\/news\/wp-json\/wp\/v2\/tags?post=5849"},{"taxonomy":"supplier","embeddable":true,"href":"https:\/\/renewable-carbon.eu\/news\/wp-json\/wp\/v2\/supplier?post=5849"}],"curies":[{"name":"wp","href":"https:\/\/api.w.org\/{rel}","templated":true}]}}