{"id":5842,"date":"2003-01-22T00:00:00","date_gmt":"2003-01-21T22:00:00","guid":{"rendered":"http:\/\/www.bio-based.eu\/news\/index.php?startid=20030122-04n"},"modified":"2003-01-22T00:00:00","modified_gmt":"2003-01-21T22:00:00","slug":"werlte-kompetenzzentrum-fuer-nachwachsende-rohstoffe-eroeffnet","status":"publish","type":"post","link":"https:\/\/renewable-carbon.eu\/news\/werlte-kompetenzzentrum-fuer-nachwachsende-rohstoffe-eroeffnet\/","title":{"rendered":"Werlte: Kompetenzzentrum f\u00fcr nachwachsende Rohstoffe er\u00f6ffnet"},"content":{"rendered":"<p>Der Verbund Regionale Innovationsstrategie Weser-Ems (RIS) will die Entwicklung von Produkten auf Basis nachwachsender Rohstoffe f\u00f6rdern. Hierzu wurde am Sonntag das neue Kompetenzzentrum in Werlte offiziell von Agrarminister Uwe Bartels (SPD) er\u00f6ffnet. Die Arbeitsschwerpunkte umfassten seiner Rede nach den Anbau \u00fcber die Verarbeitung bis zur Vermarktung.<\/p>\n<p>Dem Tr\u00e4gerverbund Landwirtschaftskammer Weser-Ems, das Deutsche Institut f\u00fcr Lebensmitteltechnik und haben sich etliche Akteure aus Wirtschaft und Wissenschaft, Kammern, Gewerkschaften und Verwaltungen aus dem Kreis Emsland angeschlossen. Man plant, Unternehmen und Einrichtungen in ein Netzwerk einzubeziehen und gemeinsam marktf\u00e4hige Produkte, Produktionsverfahren und Dienstleistungen zu unterst\u00fctzen.<\/p>\n<p>Weitere Infos unter <a href=\"http:\/\/www.ris-weser-ems.de\/\" >www.ris-weser-ems.de<\/a>.<\/p>\n<p>(Vgl. Meldung vom <a href=\"https:\/\/renewable-carbon.eu\/news\/weiteres-kompetenzzentrum-fuer-nachwachsende-rohstoffe-vor-eroeffnung\/\" >2002-11-29<\/a>.)<\/p>\n","protected":false},"excerpt":{"rendered":"<p>Der Verbund Regionale Innovationsstrategie Weser-Ems (RIS) will die Entwicklung von Produkten auf Basis nachwachsender Rohstoffe f&ouml;rdern. Hierzu wurde am Sonntag das neue Kompetenzzentrum in Werlte<\/p>\n","protected":false},"author":3,"featured_media":0,"comment_status":"closed","ping_status":"closed","sticky":false,"template":"","format":"standard","meta":{"_seopress_robots_primary_cat":"","nova_meta_subtitle":"","footnotes":""},"categories":[5572],"tags":[],"supplier":[],"class_list":["post-5842","post","type-post","status-publish","format-standard","hentry","category-bio-based"],"_links":{"self":[{"href":"https:\/\/renewable-carbon.eu\/news\/wp-json\/wp\/v2\/posts\/5842","targetHints":{"allow":["GET"]}}],"collection":[{"href":"https:\/\/renewable-carbon.eu\/news\/wp-json\/wp\/v2\/posts"}],"about":[{"href":"https:\/\/renewable-carbon.eu\/news\/wp-json\/wp\/v2\/types\/post"}],"author":[{"embeddable":true,"href":"https:\/\/renewable-carbon.eu\/news\/wp-json\/wp\/v2\/users\/3"}],"replies":[{"embeddable":true,"href":"https:\/\/renewable-carbon.eu\/news\/wp-json\/wp\/v2\/comments?post=5842"}],"version-history":[{"count":0,"href":"https:\/\/renewable-carbon.eu\/news\/wp-json\/wp\/v2\/posts\/5842\/revisions"}],"wp:attachment":[{"href":"https:\/\/renewable-carbon.eu\/news\/wp-json\/wp\/v2\/media?parent=5842"}],"wp:term":[{"taxonomy":"category","embeddable":true,"href":"https:\/\/renewable-carbon.eu\/news\/wp-json\/wp\/v2\/categories?post=5842"},{"taxonomy":"post_tag","embeddable":true,"href":"https:\/\/renewable-carbon.eu\/news\/wp-json\/wp\/v2\/tags?post=5842"},{"taxonomy":"supplier","embeddable":true,"href":"https:\/\/renewable-carbon.eu\/news\/wp-json\/wp\/v2\/supplier?post=5842"}],"curies":[{"name":"wp","href":"https:\/\/api.w.org\/{rel}","templated":true}]}}