{"id":5834,"date":"2003-01-24T00:00:00","date_gmt":"2003-01-23T22:00:00","guid":{"rendered":"http:\/\/www.bio-based.eu\/news\/index.php?startid=20030124-03n"},"modified":"2003-01-24T00:00:00","modified_gmt":"2003-01-23T22:00:00","slug":"nova-interview-mit-prof-dr-lechner-zu-ultraschallgelen-aus-staerkeprodukten","status":"publish","type":"post","link":"https:\/\/renewable-carbon.eu\/news\/nova-interview-mit-prof-dr-lechner-zu-ultraschallgelen-aus-staerkeprodukten\/","title":{"rendered":"nova-Interview mit Prof. Dr. Lechner zu Ultraschallgelen aus St\u00e4rkeprodukten"},"content":{"rendered":"<p>Ein in den Jahren 2000-2002 von der <a href=\"http:\/\/www.fnr.de\/\" >FNR<\/a> (Fachagentur Nachwachsende Rohstoffe e.V.) gef\u00f6rdertes Projekt (F.Nr. 98NR030) befasst sich mit der Herstellung von Ultraschallgelen und Superabsorbern auf St\u00e4rkebasis. Projektleiter Herr Prof. Dr. Lechner vom Institut f\u00fcr Physikalische Chemie der Universit\u00e4t Osnabr\u00fcck war so entgegenkommend, <a href=\"http:\/\/www.nova-institut.de\/\" >nova<\/a> sowohl einen \u00dcberblick zum Thema als <a href=\"https:\/\/renewable-carbon.eu\/news\/wp-content\/uploads\/news-images\/20030124-03\/Superabsorber.pdf\" >PDF<\/a>-Datei (Achtung: 1,4 MB!) zur Verf\u00fcgung zu stellen, als auch per E-Mail-Interview einige weiter f\u00fchrende Fragen zum Fortgang des Unternehmens zu beantworten. <\/p>\n<p><b>nova:<\/b> Herr Professor Dr. Lechner, wie beurteilen Sie die Chancen zur industriellen Umsetzung von Ultraschallgelen und Superabsorbern aus St\u00e4rkeprodukten f\u00fcr den medizinischen Sektor im kommenden Jahr?<\/p>\n<p><b>Prof. Dr. Lechner:<\/b> Die von uns entwickelten Ultraschallgele aus nachwachsenden Rohstoffen wurden bisher von einem Internisten und in einer Klinik getestet und f\u00fcr gut befunden. Die industrielle Umsetzung kann mit einem vertraglich mit uns verbundenen industriellen Partner, der die Ultraschallgele in industriellen Mengen herstellen kann, erfolgen. Wir haben bisher noch keinen Partner, der die Ultraschallgele vertreibt. Insofern ist eine Voraussage schwierig. <\/p>\n<p><b>nova:<\/b> Welche Anwendungen f\u00fcr Superabsorber bzw. Kontaktgele aus nachwachsenden Rohstoffen k\u00f6nnten sich Ihrer Meinung nach in 2003 evtl. auch au\u00dferhalb des medizinischen Bereichs durchsetzen?<\/p>\n<p><b>Prof. Dr. Lechner:<\/b> Wir haben bisher mehrere Anfragen &#8211; auch aus dem Ausland &#8211; f\u00fcr folgende Anwendungen erhalten: Feuchtigkeitsschutz f\u00fcr Lebensmittelverpackungen; Wasserspeicher f\u00fcr Pflanzen in Trockengebieten und St\u00e4dten (Anfragen aus Entwicklungsl\u00e4ndern); Di\u00e4tetische Lebensmittel.<\/p>\n<p><b>nova:<\/b> Aus welchen Agrarprodukten werden die verwendeten Ausgangsmaterialien f\u00fcr St\u00e4rkegele haupts\u00e4chlich gewonnen und in welchen Gr\u00f6\u00dfenordnungen sch\u00e4tzen Sie den Bedarf bei einer optimalen industriellen Umsetzung ein?<\/p>\n<p><b>Prof. Dr. Lechner:<\/b> Wir haben bisher Kartoffelst\u00e4rke als Ausgangsmaterial eingesetzt. Es sind aber auch alle anderen St\u00e4rke liefernden Pflanzen als Ausgangsmaterial m\u00f6glich, z.B. Mais, Getreide, Erbsen, Guaran, Johannisbrot, Tapioka. Der Bedarf bei einer industriellen Umsetzung h\u00e4ngt von der Anwendung ab; bei Superabsorbern f\u00fcr Babywindeln z.B. ist der Bedarf riesig: mehrere hundertausend Tonnen pro Jahr.<\/p>\n<p><b>nova:<\/b> Gibt es Ihres Erachtens nach M\u00f6glichkeiten, die bisher entwickelten Superabsorber aus nachwachsenden Rohstoffen (CMSV) in ihren Eigenschaften noch zu optimieren und den herk\u00f6mmlichen Superabsorbern aus Polyacryls\u00e4ure (PANV) anzugleichen, bzw. auch eine \u00f6konomische Konkurrenzf\u00e4higkeit zu erreichen?<\/p>\n<p><b>Prof. Dr. Lechner:<\/b> Mit diesen Fragen besch\u00e4ftigen wir uns weiter laufend mit unseren industriellen Partnern. Wir sind weiterhin damit besch\u00e4ftigt, die Eigenschaften der CMSV zu optimieren und eine \u00f6konomische Konkurrenzf\u00e4higkeit zu erreichen. Die Optimierung betrifft im Wesentlichen die Absorptionskapazit\u00e4ten. Bez\u00fcglich der Kompostierbarkeit, der Hautfreundlichkeit und der Absorption von Milch (Still BH&#8217;s) und Blut (Tampons) sind die CMSV den PANV deutlich \u00fcberlegen.<\/p>\n<p><b>nova:<\/b> Vielen Dank, Herr Professor Dr. Lechner, f\u00fcr die freundlichen Ausk\u00fcnfte!<\/p>\n<p><img SRC=\"https:\/\/renewable-carbon.eu\/news\/wp-content\/uploads\/news-images\/20030124-03\/USG1.jpg\" align=\"left\" style=\"margin-right:10px;\" BORDER=\"0\" ALT=\"USG\"\/><br style=\"clear:left;\"\/><\/p>\n","protected":false},"excerpt":{"rendered":"<p>Ein in den Jahren 2000-2002 von der FNR (Fachagentur Nachwachsende Rohstoffe e.V.) gef&ouml;rdertes Projekt (F.Nr. 98NR030) befasst sich mit der Herstellung von Ultraschallgelen und Superabsorbern<\/p>\n","protected":false},"author":3,"featured_media":0,"comment_status":"closed","ping_status":"closed","sticky":false,"template":"","format":"standard","meta":{"_seopress_robots_primary_cat":"","nova_meta_subtitle":"","footnotes":""},"categories":[5572],"tags":[],"supplier":[],"class_list":["post-5834","post","type-post","status-publish","format-standard","hentry","category-bio-based"],"_links":{"self":[{"href":"https:\/\/renewable-carbon.eu\/news\/wp-json\/wp\/v2\/posts\/5834","targetHints":{"allow":["GET"]}}],"collection":[{"href":"https:\/\/renewable-carbon.eu\/news\/wp-json\/wp\/v2\/posts"}],"about":[{"href":"https:\/\/renewable-carbon.eu\/news\/wp-json\/wp\/v2\/types\/post"}],"author":[{"embeddable":true,"href":"https:\/\/renewable-carbon.eu\/news\/wp-json\/wp\/v2\/users\/3"}],"replies":[{"embeddable":true,"href":"https:\/\/renewable-carbon.eu\/news\/wp-json\/wp\/v2\/comments?post=5834"}],"version-history":[{"count":0,"href":"https:\/\/renewable-carbon.eu\/news\/wp-json\/wp\/v2\/posts\/5834\/revisions"}],"wp:attachment":[{"href":"https:\/\/renewable-carbon.eu\/news\/wp-json\/wp\/v2\/media?parent=5834"}],"wp:term":[{"taxonomy":"category","embeddable":true,"href":"https:\/\/renewable-carbon.eu\/news\/wp-json\/wp\/v2\/categories?post=5834"},{"taxonomy":"post_tag","embeddable":true,"href":"https:\/\/renewable-carbon.eu\/news\/wp-json\/wp\/v2\/tags?post=5834"},{"taxonomy":"supplier","embeddable":true,"href":"https:\/\/renewable-carbon.eu\/news\/wp-json\/wp\/v2\/supplier?post=5834"}],"curies":[{"name":"wp","href":"https:\/\/api.w.org\/{rel}","templated":true}]}}