{"id":5826,"date":"2003-01-27T00:00:00","date_gmt":"2003-01-26T22:00:00","guid":{"rendered":"http:\/\/www.bio-based.eu\/news\/index.php?startid=20030127-03n"},"modified":"2003-01-27T00:00:00","modified_gmt":"2003-01-26T22:00:00","slug":"die-artischocke-arzneipflanze-2003","status":"publish","type":"post","link":"https:\/\/renewable-carbon.eu\/news\/die-artischocke-arzneipflanze-2003\/","title":{"rendered":"Die Artischocke: Arzneipflanze 2003"},"content":{"rendered":"<p>Zur Arzneipflanze 2003 wurde die Artischocke am vergangenen Donnerstag vom Studienkreis \u201eEntwicklungsgeschichte der Arzneipflanzenkunde\u201c an der Universit\u00e4t W\u00fcrzburg gek\u00fcrt. Das Gremium berief sich dabei darauf, dass diesem distelartigen Korbl\u00fctler nicht nur eine verdauungsf\u00f6rdernde Wirkung zuzuschreiben sei, sondern die Inhaltsstoffe der Bl\u00e4tter speziell die Gallenproduktion und Fettverdauung anregten. So seien Patientenf\u00e4lle bekannt, bei denen nach Genuss der Pflanze das Cholesterin um durchschnittlich 10 bis 15 Prozent gesunken sei.<\/p>\n<p>Die fr\u00fcher kostspielige Delikatesse aus der Bretagne wird heute auch in Deutschland in Franken, Th\u00fcringen und Brandenburg angebaut &#8211; die Bl\u00e4tter von der Arzneimittelindustrie genutzt. Auch ein Magenbitter wird hieraus gewonnen.<\/p>\n<p>(<b>Anm. d. Redaktion:<\/b> Einen ausf\u00fchrlichen Artikel zum Thema: &#8220;Artischocke&#8221; &#8211; Arznei vom heimischen Acker&#8221; &#8211; findet man ebenfalls im Magazin <a href=\"http:\/\/www.energie-pflanzen.de\/\" >energie pflanzen<\/a> Ausgabe 6\/2002).<\/p>\n","protected":false},"excerpt":{"rendered":"<p>Zur Arzneipflanze 2003 wurde die Artischocke am vergangenen Donnerstag vom Studienkreis &bdquo;Entwicklungsgeschichte der Arzneipflanzenkunde&ldquo; an der Universit&auml;t W&uuml;rzburg gek&uuml;rt. Das Gremium berief sich dabei darauf,<\/p>\n","protected":false},"author":3,"featured_media":0,"comment_status":"closed","ping_status":"closed","sticky":false,"template":"","format":"standard","meta":{"_seopress_robots_primary_cat":"","nova_meta_subtitle":"","footnotes":""},"categories":[5572],"tags":[],"supplier":[],"class_list":["post-5826","post","type-post","status-publish","format-standard","hentry","category-bio-based"],"_links":{"self":[{"href":"https:\/\/renewable-carbon.eu\/news\/wp-json\/wp\/v2\/posts\/5826","targetHints":{"allow":["GET"]}}],"collection":[{"href":"https:\/\/renewable-carbon.eu\/news\/wp-json\/wp\/v2\/posts"}],"about":[{"href":"https:\/\/renewable-carbon.eu\/news\/wp-json\/wp\/v2\/types\/post"}],"author":[{"embeddable":true,"href":"https:\/\/renewable-carbon.eu\/news\/wp-json\/wp\/v2\/users\/3"}],"replies":[{"embeddable":true,"href":"https:\/\/renewable-carbon.eu\/news\/wp-json\/wp\/v2\/comments?post=5826"}],"version-history":[{"count":0,"href":"https:\/\/renewable-carbon.eu\/news\/wp-json\/wp\/v2\/posts\/5826\/revisions"}],"wp:attachment":[{"href":"https:\/\/renewable-carbon.eu\/news\/wp-json\/wp\/v2\/media?parent=5826"}],"wp:term":[{"taxonomy":"category","embeddable":true,"href":"https:\/\/renewable-carbon.eu\/news\/wp-json\/wp\/v2\/categories?post=5826"},{"taxonomy":"post_tag","embeddable":true,"href":"https:\/\/renewable-carbon.eu\/news\/wp-json\/wp\/v2\/tags?post=5826"},{"taxonomy":"supplier","embeddable":true,"href":"https:\/\/renewable-carbon.eu\/news\/wp-json\/wp\/v2\/supplier?post=5826"}],"curies":[{"name":"wp","href":"https:\/\/api.w.org\/{rel}","templated":true}]}}