{"id":5812,"date":"2003-02-03T00:00:00","date_gmt":"2003-02-02T22:00:00","guid":{"rendered":"http:\/\/www.bio-based.eu\/news\/index.php?startid=20030203-04n"},"modified":"2003-02-03T00:00:00","modified_gmt":"2003-02-02T22:00:00","slug":"der-dollar-hustet-der-flachs-fiebert","status":"publish","type":"post","link":"https:\/\/renewable-carbon.eu\/news\/der-dollar-hustet-der-flachs-fiebert\/","title":{"rendered":"Der Dollar hustet &#8211; der Flachs fiebert"},"content":{"rendered":"<p>Die letzten Monate haben den Markt f\u00fcr Naturfasern und auch f\u00fcr Flachs geh\u00f6rig durcheinander gebracht. Das gilt weniger f\u00fcr den innergemeinschaftlichen Markt: dieser zeigt festere Preise vor allem im Bereich hochqualitativer Garne vorgarngekocht in gr\u00f6berer Ausspinnung sowie im Bereich Trockengarne. <\/p>\n<p>Wesentlich schwieriger sind die Verh\u00e4ltnisse beim Faserexport in den Dollar-Raum. Dort sind aus langlaufenden Kontrakten aufgrund des binnen Monaten um 10% gesunkenen Dollars Zuschussgesch\u00e4fte geworden. Umgekehrt sind die Abnehmer vor allem in Fernost nicht willens, die aufgrund der W\u00e4hrungsdifferenz notwendigen Preissteigerungen f\u00fcr kurzfristige Kontrakte zu tragen. Insoweit werden bei durchaus reger Nachfrage die Preise doch sehr ausgiebig diskutiert. <\/p>\n<p>Nun k\u00f6nnte man auf den Gedanken kommen, dass f\u00fcr den Faserrohstoff leicht mehr bezahlt werden k\u00f6nnte, sind doch die R\u00fccklieferungen an Garnen, Stoffen oder Bekleidung viel umfangreicher. Hier jedoch sind die Verh\u00e4ltnisse nochmals komplizierter: zun\u00e4chst exportiert Fernost zu mehr als der H\u00e4lfte in den Dollarraum, so dass hieraus kein W\u00e4hrungsgewinn erw\u00e4chst. Zudem sind auch die Verk\u00e4ufe in den Euro-Raum h\u00e4ufig auf Dollarbasis abgeschlossen, so dass der europ\u00e4ische Importeur und nicht der beispielsweise chinesische Produzent der Nutznie\u00dfer ist. <\/p>\n<p>Was ein Anhalten des starken Euro f\u00fcr die innergemeinschaftlichen Anbauer und Erstverarbeiter von technischen Fasern bedeutet , ist leicht auszurechnen: erh\u00f6ht sich aufgrund der W\u00e4hrungsverschiebung bei einem Importeur der Gewinn um 10% (oder wird ein kompetitiver Preisnachlass von 10% schadlos m\u00f6glich) so erh\u00f6ht sich der wirtschaftliche Druck in diesem margenschwachen Bereich in der gleichen Gr\u00f6\u00dfenordnung. <\/p>\n","protected":false},"excerpt":{"rendered":"<p>Die letzten Monate haben den Markt f&uuml;r Naturfasern und auch f&uuml;r Flachs geh&ouml;rig durcheinander gebracht. Das gilt weniger f&uuml;r den innergemeinschaftlichen Markt: dieser zeigt festere<\/p>\n","protected":false},"author":3,"featured_media":0,"comment_status":"closed","ping_status":"closed","sticky":false,"template":"","format":"standard","meta":{"_seopress_robots_primary_cat":"","nova_meta_subtitle":"","footnotes":""},"categories":[5572],"tags":[],"supplier":[],"class_list":["post-5812","post","type-post","status-publish","format-standard","hentry","category-bio-based"],"_links":{"self":[{"href":"https:\/\/renewable-carbon.eu\/news\/wp-json\/wp\/v2\/posts\/5812","targetHints":{"allow":["GET"]}}],"collection":[{"href":"https:\/\/renewable-carbon.eu\/news\/wp-json\/wp\/v2\/posts"}],"about":[{"href":"https:\/\/renewable-carbon.eu\/news\/wp-json\/wp\/v2\/types\/post"}],"author":[{"embeddable":true,"href":"https:\/\/renewable-carbon.eu\/news\/wp-json\/wp\/v2\/users\/3"}],"replies":[{"embeddable":true,"href":"https:\/\/renewable-carbon.eu\/news\/wp-json\/wp\/v2\/comments?post=5812"}],"version-history":[{"count":0,"href":"https:\/\/renewable-carbon.eu\/news\/wp-json\/wp\/v2\/posts\/5812\/revisions"}],"wp:attachment":[{"href":"https:\/\/renewable-carbon.eu\/news\/wp-json\/wp\/v2\/media?parent=5812"}],"wp:term":[{"taxonomy":"category","embeddable":true,"href":"https:\/\/renewable-carbon.eu\/news\/wp-json\/wp\/v2\/categories?post=5812"},{"taxonomy":"post_tag","embeddable":true,"href":"https:\/\/renewable-carbon.eu\/news\/wp-json\/wp\/v2\/tags?post=5812"},{"taxonomy":"supplier","embeddable":true,"href":"https:\/\/renewable-carbon.eu\/news\/wp-json\/wp\/v2\/supplier?post=5812"}],"curies":[{"name":"wp","href":"https:\/\/api.w.org\/{rel}","templated":true}]}}