{"id":5799,"date":"2002-10-31T00:00:00","date_gmt":"2002-10-30T22:00:00","guid":{"rendered":"http:\/\/www.bio-based.eu\/news\/index.php?startid=20021031-04n"},"modified":"2002-10-31T00:00:00","modified_gmt":"2002-10-30T22:00:00","slug":"flachsernte-in-westeuropa-weitgehend-abgeschlossen","status":"publish","type":"post","link":"https:\/\/renewable-carbon.eu\/news\/flachsernte-in-westeuropa-weitgehend-abgeschlossen\/","title":{"rendered":"Flachsernte in Westeuropa weitgehend abgeschlossen"},"content":{"rendered":"<p>Vers\u00f6hnlich scheint schlie\u00dflich auch in Norddeutschland eine ungew\u00f6hnliche Flachsanbau- und -erntesaison zu enden: nach guten Aussaatbedingungen und passablem Auflauf f\u00fchrte eine Trockenphase in Mai\/Juni zu gerade einmal mittleren Ertragsaussichten hinsichtlich Menge bei immerhin ordentlichen bis guten Qualit\u00e4tsaussichten. Von Lagererscheinungen zur Bl\u00fcte blieben die Best\u00e4nde weitgehend verschont, allerdings wurde das Raufen von extremen Niederschl\u00e4gen (bis 150 mm in einer Nacht) schon allein aufgrund von Befahrbarkeitsproblemen h\u00e4ufig unterbrochen. Teilweise mussten schwere Sch\u00e4den durch abgeschwemmte und verwirrte Schwade festgestellt werden. <\/p>\n<p>Andererseits bewirkten die gro\u00dfen Regenmengen bei den zuerst gerauften Partien auch eine z\u00fcgige R\u00f6ste bei hell-silberner Farbe der Flachsfaser. Ab Mitte August wurden Niederschl\u00e4ge dann sehr rar und das Bergen der r\u00f6streifen Best\u00e4nde gestaltete sich sehr unproblematisch. Die zu diesem Zeitpunkt noch nicht r\u00f6streifen Fl\u00e4chen sollten dann aber bis Ende September warten m\u00fcssen, bevor der notwendige Regen denn auch fiel. Die wenigen freundlichen Tage Anfang Oktober reichten aufgrund der guten Schlagkraft aus, um \u2013 bis auf eine einzige nicht r\u00f6streife Ausnahme &#8211; die restlichen Fl\u00e4chen mit guter Qualit\u00e4t zu bergen.<\/p>\n<p>Dabei war der Verlauf der Ernte in Schleswig Holstein nicht untypisch f\u00fcr Westeuropa. W\u00e4hrend in Belgien bereits Ende August die Ernte geborgen war, blieben in Frankreich und den Niederlanden etwa 15.000 ha mangels R\u00f6streife auf den Feldern. Mitte September fiel der notwendige Regen, so dass Ende September in Frankreich und den Niederlanden die Flachsernte gleichfalls beendet war. Eine quantitive und qualitative Analyse der Ernte 2002 wird erst in einigen Wochen zu erwarten sein; fest steht schon heute, dass nach zwei (zumindest in qualitativer Hinsicht) Missernten endlich wieder gute Faserqualit\u00e4ten verf\u00fcgbar sein sollten.<\/p>\n","protected":false},"excerpt":{"rendered":"<p>Vers&ouml;hnlich scheint schlie&szlig;lich auch in Norddeutschland eine ungew&ouml;hnliche Flachsanbau- und -erntesaison zu enden: nach guten Aussaatbedingungen und passablem Auflauf f&uuml;hrte eine Trockenphase in Mai\/Juni zu<\/p>\n","protected":false},"author":3,"featured_media":0,"comment_status":"closed","ping_status":"closed","sticky":false,"template":"","format":"standard","meta":{"_seopress_robots_primary_cat":"","nova_meta_subtitle":"","footnotes":""},"categories":[5572],"tags":[],"supplier":[],"class_list":["post-5799","post","type-post","status-publish","format-standard","hentry","category-bio-based"],"_links":{"self":[{"href":"https:\/\/renewable-carbon.eu\/news\/wp-json\/wp\/v2\/posts\/5799","targetHints":{"allow":["GET"]}}],"collection":[{"href":"https:\/\/renewable-carbon.eu\/news\/wp-json\/wp\/v2\/posts"}],"about":[{"href":"https:\/\/renewable-carbon.eu\/news\/wp-json\/wp\/v2\/types\/post"}],"author":[{"embeddable":true,"href":"https:\/\/renewable-carbon.eu\/news\/wp-json\/wp\/v2\/users\/3"}],"replies":[{"embeddable":true,"href":"https:\/\/renewable-carbon.eu\/news\/wp-json\/wp\/v2\/comments?post=5799"}],"version-history":[{"count":0,"href":"https:\/\/renewable-carbon.eu\/news\/wp-json\/wp\/v2\/posts\/5799\/revisions"}],"wp:attachment":[{"href":"https:\/\/renewable-carbon.eu\/news\/wp-json\/wp\/v2\/media?parent=5799"}],"wp:term":[{"taxonomy":"category","embeddable":true,"href":"https:\/\/renewable-carbon.eu\/news\/wp-json\/wp\/v2\/categories?post=5799"},{"taxonomy":"post_tag","embeddable":true,"href":"https:\/\/renewable-carbon.eu\/news\/wp-json\/wp\/v2\/tags?post=5799"},{"taxonomy":"supplier","embeddable":true,"href":"https:\/\/renewable-carbon.eu\/news\/wp-json\/wp\/v2\/supplier?post=5799"}],"curies":[{"name":"wp","href":"https:\/\/api.w.org\/{rel}","templated":true}]}}