{"id":5788,"date":"2002-11-06T00:00:00","date_gmt":"2002-11-05T22:00:00","guid":{"rendered":"http:\/\/www.bio-based.eu\/news\/index.php?startid=20021106-02n"},"modified":"2002-11-06T00:00:00","modified_gmt":"2002-11-05T22:00:00","slug":"hanfanbau-gestaltet-sich-schwieriger","status":"publish","type":"post","link":"https:\/\/renewable-carbon.eu\/news\/hanfanbau-gestaltet-sich-schwieriger\/","title":{"rendered":"Hanfanbau gestaltet sich schwieriger"},"content":{"rendered":"<p>Nach den Ausf\u00fchrungen von M. Lutel, des franz\u00f6sischen Vertreters der Sektion Hanf in der europ\u00e4ischen Vereinigung des Flachs- und Hanfsektors (CELC) gestaltet sich die Lage des Sektors Hanf zunehmend schwieriger. Aus dem europaweit st\u00e4rksten Anbauland Frankreich (7.000 ha von ca. 15.000 ha gesamt) wurden erhebliche Probleme bei der aufw\u00e4ndigen Umsetzung der komplizierten EU-Regeln und au\u00dferordentliche Reibungsverluste bei den umfangreichen Kontrollen berichtet. <\/p>\n<p>Im Zusammenwirken mit dem weitgehend ges\u00e4ttigten Markt f\u00fcr Spezialpapiere \u2013 mithin dem \u00f6konomisch interessantesten Markt f\u00fcr Hanffasern -wird die wirklichkeitsfremde EU-Beihilferegelung f\u00fcr einen in 2003 erwarteten weiteren R\u00fcckgang der Hanfanbaufl\u00e4chen verantwortlich gemacht. \u00dcber diese f\u00fcr den gesamten Naturfasersektor ung\u00fcnstige  Entwicklung kann auch die vergleichsweise gute diesj\u00e4hrige Hanfernte in Frankreich mit mittleren Ertr\u00e4gen von etwa 7.5 t Hanfstroh\/ha nicht hinweg t\u00e4uschen, die immerhin etwa 1 t \u00fcber dem langj\u00e4hrigen europ\u00e4ischen Mittel von 6.5 t Hanfstroh\/ha liegt. <\/p>\n<p>Gegen diesen Trend stemmt sich die italienische Initiative Canapificio Italiano, die nach dem Bericht ihres Vertreters Gargantini eine Ausweitung des Anbaues von 250 ha 2002 auf 1.000 ha in 2003 beabsichtigt.  Dabei stimmt zumindest der konzeptionelle Ansatz hoffnungsvoll, nach dem ausdr\u00fccklich der Textilmarkt und erst in zweiter Linie Papier oder Isoliermaterialien  als Hauptnutzungsziel angegeben werden. Zudem wird dort der Hanfanbau auf einem historisch nachweisbar geeigneten Standort betrieben.  Die Ausarbeitung der Hanffaser soll nach einem modifizierten Schwingprinzip erfolgen, wobei die Faser in Parallellage direkt anschlie\u00dfend gek\u00e4mmt werden soll. Die Kapazit\u00e4t der Anlage wird mit 1.400 kg Hanfstroh\/h angegeben.  Durch die organisatorische N\u00e4he zu dem der Faserausarbeitung folgenden Produktionsschritt Spinnerei k\u00f6nnen Reibungsverluste minimiert werden. <\/p>\n","protected":false},"excerpt":{"rendered":"<p>Nach den Ausf&uuml;hrungen von M. Lutel, des franz&ouml;sischen Vertreters der Sektion Hanf in der europ&auml;ischen Vereinigung des Flachs- und Hanfsektors (CELC) gestaltet sich die Lage<\/p>\n","protected":false},"author":3,"featured_media":0,"comment_status":"closed","ping_status":"closed","sticky":false,"template":"","format":"standard","meta":{"_seopress_robots_primary_cat":"","nova_meta_subtitle":"","footnotes":""},"categories":[5572],"tags":[],"supplier":[],"class_list":["post-5788","post","type-post","status-publish","format-standard","hentry","category-bio-based"],"_links":{"self":[{"href":"https:\/\/renewable-carbon.eu\/news\/wp-json\/wp\/v2\/posts\/5788","targetHints":{"allow":["GET"]}}],"collection":[{"href":"https:\/\/renewable-carbon.eu\/news\/wp-json\/wp\/v2\/posts"}],"about":[{"href":"https:\/\/renewable-carbon.eu\/news\/wp-json\/wp\/v2\/types\/post"}],"author":[{"embeddable":true,"href":"https:\/\/renewable-carbon.eu\/news\/wp-json\/wp\/v2\/users\/3"}],"replies":[{"embeddable":true,"href":"https:\/\/renewable-carbon.eu\/news\/wp-json\/wp\/v2\/comments?post=5788"}],"version-history":[{"count":0,"href":"https:\/\/renewable-carbon.eu\/news\/wp-json\/wp\/v2\/posts\/5788\/revisions"}],"wp:attachment":[{"href":"https:\/\/renewable-carbon.eu\/news\/wp-json\/wp\/v2\/media?parent=5788"}],"wp:term":[{"taxonomy":"category","embeddable":true,"href":"https:\/\/renewable-carbon.eu\/news\/wp-json\/wp\/v2\/categories?post=5788"},{"taxonomy":"post_tag","embeddable":true,"href":"https:\/\/renewable-carbon.eu\/news\/wp-json\/wp\/v2\/tags?post=5788"},{"taxonomy":"supplier","embeddable":true,"href":"https:\/\/renewable-carbon.eu\/news\/wp-json\/wp\/v2\/supplier?post=5788"}],"curies":[{"name":"wp","href":"https:\/\/api.w.org\/{rel}","templated":true}]}}