{"id":5783,"date":"2002-11-08T00:00:00","date_gmt":"2002-11-07T22:00:00","guid":{"rendered":"http:\/\/www.bio-based.eu\/news\/index.php?startid=20021108-03n"},"modified":"2002-11-08T00:00:00","modified_gmt":"2002-11-07T22:00:00","slug":"frischholz-im-sueden-gefragter-als-im-norden","status":"publish","type":"post","link":"https:\/\/renewable-carbon.eu\/news\/frischholz-im-sueden-gefragter-als-im-norden\/","title":{"rendered":"Frischholz im S\u00fcden gefragter als im Norden"},"content":{"rendered":"<p>Angesichts der schwierigen Situation in der Bauwirtschaft ist das Interesse der S\u00e4geindustrie bundesweit gesehen \u00fcberwiegend verhalten. Positive Impulse kommen aus dem Export von Nadelstammholz und -schnittholz. Im S\u00fcden und s\u00fcdlichen Teilen mittlerer Regionen der Bundesrepublik ist jedoch eine erh\u00f6hte Nachfrage der Industrie nach frischem Fichtenstammholz und insbesondere Profilspanerware zu beobachten. Die Preise tendieren dementsprechend fest bis leicht anziehend.<\/p>\n<p>Der komplette Marktkommentar steht <a href=\"https:\/\/renewable-carbon.eu\/news\/wp-content\/uploads\/news-images\/20021108-03\/zbko44.pdf\" >hier<\/a> als PDF-Datei (36 KB) zum Download bereit.<\/p>\n","protected":false},"excerpt":{"rendered":"<p>Angesichts der schwierigen Situation in der Bauwirtschaft ist das Interesse der S&auml;geindustrie bundesweit gesehen &uuml;berwiegend verhalten. Positive Impulse kommen aus dem Export von Nadelstammholz und<\/p>\n","protected":false},"author":3,"featured_media":0,"comment_status":"closed","ping_status":"closed","sticky":false,"template":"","format":"standard","meta":{"_seopress_robots_primary_cat":"","nova_meta_subtitle":"","footnotes":""},"categories":[5572],"tags":[],"supplier":[],"class_list":["post-5783","post","type-post","status-publish","format-standard","hentry","category-bio-based"],"_links":{"self":[{"href":"https:\/\/renewable-carbon.eu\/news\/wp-json\/wp\/v2\/posts\/5783","targetHints":{"allow":["GET"]}}],"collection":[{"href":"https:\/\/renewable-carbon.eu\/news\/wp-json\/wp\/v2\/posts"}],"about":[{"href":"https:\/\/renewable-carbon.eu\/news\/wp-json\/wp\/v2\/types\/post"}],"author":[{"embeddable":true,"href":"https:\/\/renewable-carbon.eu\/news\/wp-json\/wp\/v2\/users\/3"}],"replies":[{"embeddable":true,"href":"https:\/\/renewable-carbon.eu\/news\/wp-json\/wp\/v2\/comments?post=5783"}],"version-history":[{"count":0,"href":"https:\/\/renewable-carbon.eu\/news\/wp-json\/wp\/v2\/posts\/5783\/revisions"}],"wp:attachment":[{"href":"https:\/\/renewable-carbon.eu\/news\/wp-json\/wp\/v2\/media?parent=5783"}],"wp:term":[{"taxonomy":"category","embeddable":true,"href":"https:\/\/renewable-carbon.eu\/news\/wp-json\/wp\/v2\/categories?post=5783"},{"taxonomy":"post_tag","embeddable":true,"href":"https:\/\/renewable-carbon.eu\/news\/wp-json\/wp\/v2\/tags?post=5783"},{"taxonomy":"supplier","embeddable":true,"href":"https:\/\/renewable-carbon.eu\/news\/wp-json\/wp\/v2\/supplier?post=5783"}],"curies":[{"name":"wp","href":"https:\/\/api.w.org\/{rel}","templated":true}]}}