{"id":5775,"date":"2002-11-12T00:00:00","date_gmt":"2002-11-11T22:00:00","guid":{"rendered":"http:\/\/www.bio-based.eu\/news\/index.php?startid=20021112-06n"},"modified":"2002-11-12T00:00:00","modified_gmt":"2002-11-11T22:00:00","slug":"korbflechter-handwerk-ehrbare-zunft-fuer-wanderfreudige","status":"publish","type":"post","link":"https:\/\/renewable-carbon.eu\/news\/korbflechter-handwerk-ehrbare-zunft-fuer-wanderfreudige\/","title":{"rendered":"Korbflechter-Handwerk: Ehrbare Zunft f\u00fcr Wanderfreudige"},"content":{"rendered":"<p>Einblicke in ihre ausgefallene Berufskarriere bot j\u00fcngst eine gelernte Korbflechterin der Oberstufe einer Sonderschule in Tirschenreuth. Ulrike Beyer, Bundesbeste der Gesellenpr\u00fcfung im Korbflechterhandwerk, hatte die Einladung von Klassenlehrerin Anita K\u00f6stler wahr genommen, bei der sie w\u00e4hrend ihrer \u201eWalz\u201c zu Gast weilte, um im Umland weitere Ausbildungsm\u00f6glichkeiten wahr zu nehmen.<\/p>\n<p>F\u00fcr die interessierten Jungen und M\u00e4dchen war ihr Gesellenbuch Zeugnis zahlreicher Ausbildungsstationen und umfangreicher Reisen: &#8220;Ich lerne auf meiner Wanderschaft nicht nur die unterschiedlichsten Betriebe und ihre Arbeitsverfahren kennen. Ich muss mich auch auf Spezialauftr\u00e4ge einstellen k\u00f6nnen, die mir in einem einzigen Betrieb so nicht geboten werden&#8221;, erkl\u00e4rte die geb\u00fcrtige Ostberlinerin, deren Handwerkstradition erst mit der Walz &#8211; dem Lernen auf Wanderschaft &#8211; zur Reife gelangt. So waren die Berichte der Sch\u00fcler \u00fcber ihre Vorbereitungen auf das Berufsleben f\u00fcr die Korbflechterin ihrerseits ein Novum.<\/p>\n<p>Beeindruckt zeigte sich die Wandergesellin indes anl\u00e4sslich eines Besuchs in Querenbach, wo ihr das Flechten mit frischen, gespaltenen Fichtenwurzeln vorgef\u00fchrt wurde: &#8220;Ich habe w\u00e4hrend meiner mehrj\u00e4hrigen Berufsausbildung zur Korbflechterin davon einiges mitbekommen. Doch die praktische Anwendung kenne ich nur aus Filmen&#8221;, meint die Handwerkerin, die diese Disziplin in Deutschland als nahezu einmalig beurteilt.    <\/p>\n","protected":false},"excerpt":{"rendered":"<p>Einblicke in ihre ausgefallene Berufskarriere bot j&uuml;ngst eine gelernte Korbflechterin der Oberstufe einer Sonderschule in Tirschenreuth. Ulrike Beyer, Bundesbeste der Gesellenpr&uuml;fung im Korbflechterhandwerk, hatte die<\/p>\n","protected":false},"author":3,"featured_media":0,"comment_status":"closed","ping_status":"closed","sticky":false,"template":"","format":"standard","meta":{"_seopress_robots_primary_cat":"","nova_meta_subtitle":"","footnotes":""},"categories":[5572],"tags":[],"supplier":[],"class_list":["post-5775","post","type-post","status-publish","format-standard","hentry","category-bio-based"],"_links":{"self":[{"href":"https:\/\/renewable-carbon.eu\/news\/wp-json\/wp\/v2\/posts\/5775","targetHints":{"allow":["GET"]}}],"collection":[{"href":"https:\/\/renewable-carbon.eu\/news\/wp-json\/wp\/v2\/posts"}],"about":[{"href":"https:\/\/renewable-carbon.eu\/news\/wp-json\/wp\/v2\/types\/post"}],"author":[{"embeddable":true,"href":"https:\/\/renewable-carbon.eu\/news\/wp-json\/wp\/v2\/users\/3"}],"replies":[{"embeddable":true,"href":"https:\/\/renewable-carbon.eu\/news\/wp-json\/wp\/v2\/comments?post=5775"}],"version-history":[{"count":0,"href":"https:\/\/renewable-carbon.eu\/news\/wp-json\/wp\/v2\/posts\/5775\/revisions"}],"wp:attachment":[{"href":"https:\/\/renewable-carbon.eu\/news\/wp-json\/wp\/v2\/media?parent=5775"}],"wp:term":[{"taxonomy":"category","embeddable":true,"href":"https:\/\/renewable-carbon.eu\/news\/wp-json\/wp\/v2\/categories?post=5775"},{"taxonomy":"post_tag","embeddable":true,"href":"https:\/\/renewable-carbon.eu\/news\/wp-json\/wp\/v2\/tags?post=5775"},{"taxonomy":"supplier","embeddable":true,"href":"https:\/\/renewable-carbon.eu\/news\/wp-json\/wp\/v2\/supplier?post=5775"}],"curies":[{"name":"wp","href":"https:\/\/api.w.org\/{rel}","templated":true}]}}