{"id":5753,"date":"2002-11-22T00:00:00","date_gmt":"2002-11-21T22:00:00","guid":{"rendered":"http:\/\/www.bio-based.eu\/news\/index.php?startid=20021122-04n"},"modified":"2002-11-22T00:00:00","modified_gmt":"2002-11-21T22:00:00","slug":"kommissar-der-niederlaendischen-koenigin-eroeffnet-neue-verarbeitungsstrasse-fuer-faserhanf-in-oude-pekela","status":"publish","type":"post","link":"https:\/\/renewable-carbon.eu\/news\/kommissar-der-niederlaendischen-koenigin-eroeffnet-neue-verarbeitungsstrasse-fuer-faserhanf-in-oude-pekela\/","title":{"rendered":"Kommissar der niederl\u00e4ndischen K\u00f6nigin er\u00f6ffnet neue Verarbeitungsstra\u00dfe f\u00fcr Faserhanf in Oude Pekela"},"content":{"rendered":"<p>Der Kommissar der K\u00f6nigin der Provinz Groningen, Herr Drs. H. Alders, nimmt die neue Anlage von <a href=\"http:\/\/www.hempflax.com\/\" >HempFlax<\/a> am Donnerstag, den 28. November 2002, in Oude Pekela in Betrieb. Die neue Anlage ist eine der gr\u00f6\u00dften und innovativsten Faseraufschlussbetriebe von Hanf in Europa.<\/p>\n<p>HempFlax f\u00fchrte im Jahre 1994 den Anbau und die Verarbeitung von industriellem Hanf in dien Niederlanden wieder ein. In den vergangenen Jahren entwickelte das Unternehmen ein neues, mechanisches Aufschlussverfahren f\u00fcr Faserhanfstroh in die vier Hauptprodukte: Bastfaser, Hanfsch\u00e4ben, Hanfsamen und Reststoffe (Hanfkompost). Durch die Steigerung der Verarbeitungskapazit\u00e4t wurde es f\u00fcr die Agrarbetriebe in der Region einfacher, auf die Hanfkultur umzusteigen. <\/p>\n<p>Die neue Faseraufschlussanlage PL4 in Oude Pekela hat eine Kapazit\u00e4t von 7 Tonnen Hanfstroh pro Stunde und kann ununterbrochen betrieben werden. Die Anlage kann pro Jahr ein Areal von 5.000 Hektar Hanf verarbeiten. Damit ist HempFlax auf das anvisierte Wachstum des niederl\u00e4ndischen Hanfanbaus vorbereitet.<\/p>\n<p>Wie kein anderer Agrar-Rohstoff passt Faserhanf zu einer zeitgem\u00e4\u00dfen, nachhaltigen Umweltpolitik. Immer mehr Industrieunternehmen, wie z.B. die Automobil- und Bauindustrie, entdecken die Hanffaser als Alternative zu synthetischen Materialien, die die Umwelt erheblich st\u00e4rker belasten.<\/p>\n<p><b>Kontakt:<\/b><br \/>HempFlax B.V.<br \/>Abteilung Public Relations<br \/>Tel.: +31(0)10-221 01-43<br \/>Fax: +31(0)10-221 01-41<br \/>Mobil: +31(0)650-275700<br \/>E-Mail: <a href=\"mailto:renesauveur@hempflax.com\">renesauveur@hempflax.com<\/a><\/p>\n<p>(Vgl. Meldung vom <a href=\"https:\/\/renewable-carbon.eu\/news\/europaeische-hanfwirtschaft-2001-anbau-weiterverarbeitung-und-produktlinien\/\" >2002-05-28<\/a>.)<\/p>\n","protected":false},"excerpt":{"rendered":"<p>Der Kommissar der K&ouml;nigin der Provinz Groningen, Herr Drs. H. Alders, nimmt die neue Anlage von HempFlax am Donnerstag, den 28. November 2002, in Oude<\/p>\n","protected":false},"author":3,"featured_media":0,"comment_status":"closed","ping_status":"closed","sticky":false,"template":"","format":"standard","meta":{"_seopress_robots_primary_cat":"","nova_meta_subtitle":"","footnotes":""},"categories":[5572],"tags":[],"supplier":[],"class_list":["post-5753","post","type-post","status-publish","format-standard","hentry","category-bio-based"],"_links":{"self":[{"href":"https:\/\/renewable-carbon.eu\/news\/wp-json\/wp\/v2\/posts\/5753","targetHints":{"allow":["GET"]}}],"collection":[{"href":"https:\/\/renewable-carbon.eu\/news\/wp-json\/wp\/v2\/posts"}],"about":[{"href":"https:\/\/renewable-carbon.eu\/news\/wp-json\/wp\/v2\/types\/post"}],"author":[{"embeddable":true,"href":"https:\/\/renewable-carbon.eu\/news\/wp-json\/wp\/v2\/users\/3"}],"replies":[{"embeddable":true,"href":"https:\/\/renewable-carbon.eu\/news\/wp-json\/wp\/v2\/comments?post=5753"}],"version-history":[{"count":0,"href":"https:\/\/renewable-carbon.eu\/news\/wp-json\/wp\/v2\/posts\/5753\/revisions"}],"wp:attachment":[{"href":"https:\/\/renewable-carbon.eu\/news\/wp-json\/wp\/v2\/media?parent=5753"}],"wp:term":[{"taxonomy":"category","embeddable":true,"href":"https:\/\/renewable-carbon.eu\/news\/wp-json\/wp\/v2\/categories?post=5753"},{"taxonomy":"post_tag","embeddable":true,"href":"https:\/\/renewable-carbon.eu\/news\/wp-json\/wp\/v2\/tags?post=5753"},{"taxonomy":"supplier","embeddable":true,"href":"https:\/\/renewable-carbon.eu\/news\/wp-json\/wp\/v2\/supplier?post=5753"}],"curies":[{"name":"wp","href":"https:\/\/api.w.org\/{rel}","templated":true}]}}