{"id":5739,"date":"2002-11-29T00:00:00","date_gmt":"2002-11-28T22:00:00","guid":{"rendered":"http:\/\/www.bio-based.eu\/news\/index.php?startid=20021129-02n"},"modified":"2002-11-29T00:00:00","modified_gmt":"2002-11-28T22:00:00","slug":"weiteres-kompetenzzentrum-fuer-nachwachsende-rohstoffe-vor-eroeffnung","status":"publish","type":"post","link":"https:\/\/renewable-carbon.eu\/news\/weiteres-kompetenzzentrum-fuer-nachwachsende-rohstoffe-vor-eroeffnung\/","title":{"rendered":"Weiteres Kompetenzzentrum f\u00fcr nachwachsende Rohstoffe vor Er\u00f6ffnung"},"content":{"rendered":"<p>Laut Landrat B\u00f6ring steht in Werlte (Kreis Emsland) die Inbetriebnahme eines neuen Kompetenzzentrums f\u00fcr nachwachsende Rohstoffe kurz bevor. Landwirtschaftsminister Uwe Bartels soll die offizielle Er\u00f6ffnung auf dem Gel\u00e4nde der H\u00fcmmlingkaserne, die zur Jahresmitte aufgegeben wird, am 20. Januar vornehmen. Im Landkreis herrscht Zuversicht, dass aus dem &#8220;Experiment&#8221; m\u00f6glicherweise ein Gr\u00fcnderzentrum f\u00fcr den Bereich der nachwachsenden Rohstoffe resultiert.<\/p>\n<p>(Vgl. Meldungen vom <a href=\"https:\/\/renewable-carbon.eu\/news\/weltweit-erster-serieneinsatz-von-nachwachsenden-rohstoffen-in-schienenfahrzeugen\/\" >2002-10-16<\/a>, <a href=\"https:\/\/renewable-carbon.eu\/news\/niedersachsen-will-bioenergie-verbrauch-von-07-auf-acht-prozent-steigern\/\" >2002-08-12<\/a> und <a href=\"https:\/\/renewable-carbon.eu\/news\/nachwachsende-rohstoffe-land-niedersachsen-frdert-neues-projekt-faseraufschluss\/\" >2001-11-06<\/a>.)<\/p>\n","protected":false},"excerpt":{"rendered":"<p>Laut Landrat B&ouml;ring steht in Werlte (Kreis Emsland) die Inbetriebnahme eines neuen Kompetenzzentrums f&uuml;r nachwachsende Rohstoffe kurz bevor. Landwirtschaftsminister Uwe Bartels soll die offizielle Er&ouml;ffnung<\/p>\n","protected":false},"author":3,"featured_media":0,"comment_status":"closed","ping_status":"closed","sticky":false,"template":"","format":"standard","meta":{"_seopress_robots_primary_cat":"","nova_meta_subtitle":"","footnotes":""},"categories":[5572],"tags":[],"supplier":[],"class_list":["post-5739","post","type-post","status-publish","format-standard","hentry","category-bio-based"],"_links":{"self":[{"href":"https:\/\/renewable-carbon.eu\/news\/wp-json\/wp\/v2\/posts\/5739","targetHints":{"allow":["GET"]}}],"collection":[{"href":"https:\/\/renewable-carbon.eu\/news\/wp-json\/wp\/v2\/posts"}],"about":[{"href":"https:\/\/renewable-carbon.eu\/news\/wp-json\/wp\/v2\/types\/post"}],"author":[{"embeddable":true,"href":"https:\/\/renewable-carbon.eu\/news\/wp-json\/wp\/v2\/users\/3"}],"replies":[{"embeddable":true,"href":"https:\/\/renewable-carbon.eu\/news\/wp-json\/wp\/v2\/comments?post=5739"}],"version-history":[{"count":0,"href":"https:\/\/renewable-carbon.eu\/news\/wp-json\/wp\/v2\/posts\/5739\/revisions"}],"wp:attachment":[{"href":"https:\/\/renewable-carbon.eu\/news\/wp-json\/wp\/v2\/media?parent=5739"}],"wp:term":[{"taxonomy":"category","embeddable":true,"href":"https:\/\/renewable-carbon.eu\/news\/wp-json\/wp\/v2\/categories?post=5739"},{"taxonomy":"post_tag","embeddable":true,"href":"https:\/\/renewable-carbon.eu\/news\/wp-json\/wp\/v2\/tags?post=5739"},{"taxonomy":"supplier","embeddable":true,"href":"https:\/\/renewable-carbon.eu\/news\/wp-json\/wp\/v2\/supplier?post=5739"}],"curies":[{"name":"wp","href":"https:\/\/api.w.org\/{rel}","templated":true}]}}