{"id":5725,"date":"2002-12-06T00:00:00","date_gmt":"2002-12-05T22:00:00","guid":{"rendered":"http:\/\/www.bio-based.eu\/news\/index.php?startid=20021206-02n"},"modified":"2002-12-06T00:00:00","modified_gmt":"2002-12-05T22:00:00","slug":"weltweiter-produktionsrueckgang-bei-mais","status":"publish","type":"post","link":"https:\/\/renewable-carbon.eu\/news\/weltweiter-produktionsrueckgang-bei-mais\/","title":{"rendered":"Weltweiter Produktionsr\u00fcckgang bei Mais"},"content":{"rendered":"<p>Im laufenden Wirtschaftsjahr 2002\/03 hat eine deutlich kleinere Maisernte in den USA zu einem weltweiten Produktionsr\u00fcckgang gef\u00fchrt. Dem steht ein zum Vorjahr unver\u00e4ndert hoher Verbrauch von ca. 620 Mio. t gegen\u00fcber, so dass die weltweiten Lagerbest\u00e4nde an Mais bis zum Ende des laufenden Wirtschaftsjahres 2002\/03 erstmals seit fast 20 Jahren wieder unter die Marke von 100 Mio. t fallen werden.<\/p>\n<p>Dies sind die wesentlichen Aussagen von Dr. Klaus-Dieter Schumacher, Alfred C. Toepfer International GmbH, Hamburg in seinem Vortrag \u00fcber internationale M\u00e4rkte f\u00fcr Mais auf der 46. <a href=\"http:\/\/www.dmk.oink.de\/\" >DMK<\/a>-Jahrestagung 2002 in Kiel. <\/p>\n<p>Nach letzten Sch\u00e4tzungen werden in 2002\/03 weltweit voraussichtlich nur 590 Mio. t Mais geerntet werden; im Vergleich zum Vorjahr geht die Erzeugung damit um gut 6 Mio. t bzw. 1% zur\u00fcck. In den USA wurde zur diesj\u00e4hrigen Ernte die Anbaufl\u00e4che zwar um rund 2,5% ausgedehnt, aufgrund ung\u00fcnstiger Wetterbedingungen blieben die Ertr\u00e4ge allerdings stark hinter denen des Vorjahres zur\u00fcck und erreichten voraussichtlich nur etwa 229 Mio. t, w\u00e4hrend es im Vorjahr noch 241 Mio. t und im Durchschnitt der letzten vier Jahre 245 Mio. t waren. Auch wurden in diesem Jahr durchschnittlich nur 80 dt\/ha geerntet im Vergleich zu knapp 87 dt\/ha im Vorjahr. <\/p>\n<p>Aufgrund dieses Produktionsr\u00fcckganges ist in den USA mit einem kr\u00e4ftigen Abbau der Best\u00e4nde zu rechnen, zumal der Verbrauch im Inland nur unwesentlich geringer als im Vorjahr ausfallen d\u00fcrfte. <\/p>\n<p>Der Produktionsr\u00fcckgang in den USA hat einen Anstieg der internationalen Preise f\u00fcr Mais nach sich gezogen, so Schumacher. Mittlerweile seien die Erwartungen an weitere Preissteigerungen f\u00fcr Mais allerdings wieder deutlich ged\u00e4mpft worden. Ursachen daf\u00fcr seien sowohl der stagnierende Welthandel mit Mais in 2002\/03 infolge der angespannten weltwirtschaftlichen Situation als auch die gr\u00f6\u00dfere Verf\u00fcgbarkeit von Futterweizen auf dem Weltmarkt, insbesondere aus der Ukraine und aus Russland. Zum anderen bleibe China auch in diesem Wirtschaftsjahr aufgrund einer erneut sehr guten Ernte und unver\u00e4ndert hoher Lagerbest\u00e4nde ein bedeutender Exporteur von Mais.<\/p>\n<p>\u00a9 DMK 2002<\/p>\n<p>(Vgl. Meldung vom <a href=\"https:\/\/renewable-carbon.eu\/news\/gute-silo-und-koernermaisernte\/\" >2002-11-07<\/a>.)<\/p>\n","protected":false},"excerpt":{"rendered":"<p>Im laufenden Wirtschaftsjahr 2002\/03 hat eine deutlich kleinere Maisernte in den USA zu einem weltweiten Produktionsr&uuml;ckgang gef&uuml;hrt. Dem steht ein zum Vorjahr unver&auml;ndert hoher Verbrauch<\/p>\n","protected":false},"author":3,"featured_media":0,"comment_status":"closed","ping_status":"closed","sticky":false,"template":"","format":"standard","meta":{"_seopress_robots_primary_cat":"","nova_meta_subtitle":"","footnotes":""},"categories":[5572],"tags":[],"supplier":[],"class_list":["post-5725","post","type-post","status-publish","format-standard","hentry","category-bio-based"],"_links":{"self":[{"href":"https:\/\/renewable-carbon.eu\/news\/wp-json\/wp\/v2\/posts\/5725","targetHints":{"allow":["GET"]}}],"collection":[{"href":"https:\/\/renewable-carbon.eu\/news\/wp-json\/wp\/v2\/posts"}],"about":[{"href":"https:\/\/renewable-carbon.eu\/news\/wp-json\/wp\/v2\/types\/post"}],"author":[{"embeddable":true,"href":"https:\/\/renewable-carbon.eu\/news\/wp-json\/wp\/v2\/users\/3"}],"replies":[{"embeddable":true,"href":"https:\/\/renewable-carbon.eu\/news\/wp-json\/wp\/v2\/comments?post=5725"}],"version-history":[{"count":0,"href":"https:\/\/renewable-carbon.eu\/news\/wp-json\/wp\/v2\/posts\/5725\/revisions"}],"wp:attachment":[{"href":"https:\/\/renewable-carbon.eu\/news\/wp-json\/wp\/v2\/media?parent=5725"}],"wp:term":[{"taxonomy":"category","embeddable":true,"href":"https:\/\/renewable-carbon.eu\/news\/wp-json\/wp\/v2\/categories?post=5725"},{"taxonomy":"post_tag","embeddable":true,"href":"https:\/\/renewable-carbon.eu\/news\/wp-json\/wp\/v2\/tags?post=5725"},{"taxonomy":"supplier","embeddable":true,"href":"https:\/\/renewable-carbon.eu\/news\/wp-json\/wp\/v2\/supplier?post=5725"}],"curies":[{"name":"wp","href":"https:\/\/api.w.org\/{rel}","templated":true}]}}