{"id":5712,"date":"2002-12-11T00:00:00","date_gmt":"2002-12-10T22:00:00","guid":{"rendered":"http:\/\/www.bio-based.eu\/news\/index.php?startid=20021211-02n"},"modified":"2002-12-11T00:00:00","modified_gmt":"2002-12-10T22:00:00","slug":"groesster-holzbau-oesterreichs-feierte-firstfest","status":"publish","type":"post","link":"https:\/\/renewable-carbon.eu\/news\/groesster-holzbau-oesterreichs-feierte-firstfest\/","title":{"rendered":"Gr\u00f6\u00dfter Holzbau \u00d6sterreichs feierte Firstfest"},"content":{"rendered":"<p><img SRC=\"https:\/\/renewable-carbon.eu\/news\/wp-content\/uploads\/news-images\/20021211-02\/arena.jpg\" align=\"left\" style=\"margin-right:10px;\" BORDER=\"0\" ALT=\"arena\"\/>Mit 78 m Spannweite und 105 m L\u00e4nge konnte am 3. Dezember ein Projekt der Salzburger Messegesellschaft &#8211; einer der gr\u00f6\u00dften Holzbauten \u00d6sterreichs &#8211; sein Firstfest begehen. Zuvor waren jedoch \u00dcberzeugungs- und aufw\u00e4ndige Rechenarbeit vonn\u00f6ten, die urspr\u00fcnglich geplante Stahlkonstruktion zugunsten des nachwachsenden Rohstoffs zu verwerfen. Proholz Austria, Forst, Politik und die Firma Wiehag Holzbau, die schlie\u00dflich mit der Ausf\u00fchrung beauftragt wurde, zogen hierbei erfolgreich an einem Strang.<\/p>\n<p><br style=\"clear:left;\"\/><img SRC=\"https:\/\/renewable-carbon.eu\/news\/wp-content\/uploads\/news-images\/20021211-02\/Dach.jpg\" align=\"left\" style=\"margin-right:10px;\" BORDER=\"0\" ALT=\"Dach\"\/>F\u00fcr die ellipsenf\u00f6rmige Halle wurden 850 m<sup>3<\/sup> Brettschichtholz und 75 Tonnen Stahl f\u00fcr die ca. 7.500 qm Dachfl\u00e4che, die ein Aluminiumdach bekommt, verbaut. Die Gesamtkosten f\u00fcr die Halle, die etwa 7.000 Personen fassen soll, belaufen sich auf rund 17 Mio. EUR. <\/p>\n<p>Das gigantische Demonstrationsobjekt f\u00fcr den Holzbau ist bereits f\u00fcr prominente Fersehsendungen (&#8220;Wetten, dass&#8221; &#8211; Karl Moik) sowie Auff\u00fchrungen der Wiener Philharmoniker vorgebucht.<br style=\"clear:left;\"\/><\/p>\n","protected":false},"excerpt":{"rendered":"<p>Mit 78 m Spannweite und 105 m L&auml;nge konnte am 3. Dezember ein Projekt der Salzburger Messegesellschaft &#8211; einer der gr&ouml;&szlig;ten Holzbauten &Ouml;sterreichs &#8211; sein<\/p>\n","protected":false},"author":3,"featured_media":0,"comment_status":"closed","ping_status":"closed","sticky":false,"template":"","format":"standard","meta":{"_seopress_robots_primary_cat":"","nova_meta_subtitle":"","footnotes":""},"categories":[5572],"tags":[],"supplier":[],"class_list":["post-5712","post","type-post","status-publish","format-standard","hentry","category-bio-based"],"_links":{"self":[{"href":"https:\/\/renewable-carbon.eu\/news\/wp-json\/wp\/v2\/posts\/5712","targetHints":{"allow":["GET"]}}],"collection":[{"href":"https:\/\/renewable-carbon.eu\/news\/wp-json\/wp\/v2\/posts"}],"about":[{"href":"https:\/\/renewable-carbon.eu\/news\/wp-json\/wp\/v2\/types\/post"}],"author":[{"embeddable":true,"href":"https:\/\/renewable-carbon.eu\/news\/wp-json\/wp\/v2\/users\/3"}],"replies":[{"embeddable":true,"href":"https:\/\/renewable-carbon.eu\/news\/wp-json\/wp\/v2\/comments?post=5712"}],"version-history":[{"count":0,"href":"https:\/\/renewable-carbon.eu\/news\/wp-json\/wp\/v2\/posts\/5712\/revisions"}],"wp:attachment":[{"href":"https:\/\/renewable-carbon.eu\/news\/wp-json\/wp\/v2\/media?parent=5712"}],"wp:term":[{"taxonomy":"category","embeddable":true,"href":"https:\/\/renewable-carbon.eu\/news\/wp-json\/wp\/v2\/categories?post=5712"},{"taxonomy":"post_tag","embeddable":true,"href":"https:\/\/renewable-carbon.eu\/news\/wp-json\/wp\/v2\/tags?post=5712"},{"taxonomy":"supplier","embeddable":true,"href":"https:\/\/renewable-carbon.eu\/news\/wp-json\/wp\/v2\/supplier?post=5712"}],"curies":[{"name":"wp","href":"https:\/\/api.w.org\/{rel}","templated":true}]}}