{"id":5706,"date":"2002-08-26T00:00:00","date_gmt":"2002-08-25T22:00:00","guid":{"rendered":"http:\/\/www.bio-based.eu\/news\/index.php?startid=20020826-05n"},"modified":"2002-08-26T00:00:00","modified_gmt":"2002-08-25T22:00:00","slug":"verbesserung-der-moeglichkeiten-zur-bastfasercharakterisierung-im-bereich-der-faserlaengen-und-feinheitspruefung","status":"publish","type":"post","link":"https:\/\/renewable-carbon.eu\/news\/verbesserung-der-moeglichkeiten-zur-bastfasercharakterisierung-im-bereich-der-faserlaengen-und-feinheitspruefung\/","title":{"rendered":"Verbesserung der M\u00f6glichkeiten zur Bastfasercharakterisierung im Bereich der Faserl\u00e4ngen- und Feinheitspr\u00fcfung"},"content":{"rendered":"<p>In einem seit geraumer Zeit aufstrebenden Markt f\u00fcr Bastfaserprodukte aus Flachs und Hanf sind sichere Angaben zur Rohstoffg\u00fcte unerl\u00e4sslich. Traditionelle Pr\u00fcfverfahren stehen nicht zur Verf\u00fcgung und bekannte, aus der textilen Pr\u00fcftechnik adaptierte Messverfahren arbeiten nur sicher in den von Naturfaserstandards wie Wolle, Baumwolle und feinem Langfaserflachs abgedeckten Gr\u00f6\u00dfenbereichen. <\/p>\n<p>Dies betrifft die Feinheitsmessung, w\u00e4hrend automatisierte L\u00e4ngenpr\u00fcfungen bisher nur bis zu einer L\u00e4nge von 250 mm mit dem Almeter durchzuf\u00fchren sind. Bisher nicht gekl\u00e4rt war die Qualit\u00e4tskontrolle grober und langer Bastfaserb\u00fcndel. Innerhalb eines von der AiF gef\u00f6rderten Forschungsvorhabens wurden daher neue Pr\u00fcfverfahren mit unabh\u00e4ngigen Kalibrierroutinen entwickelt und vorgestellt:<\/p>\n<p>1. Ein Verfahren, dass es erm\u00f6glicht, lange Bastfaserb\u00fcndel aufzuteilen und Teilmengen im Almeterl\u00e4ngenpr\u00fcfger\u00e4t zu analysieren. Durch einen Bezug der Teilmassen auf die normierten Summenh\u00e4ufigkeitskurven wird eine Zusammenstellung der Einzelergebnisse und die Berechnung der mittleren Gesamtl\u00e4nge erm\u00f6glicht.<\/p>\n<p>2. Ein Bildanalysesystem, dass auf preiswerter Scannertechnik basiert und einen minimalen Pr\u00e4parationsaufwand erfordert. Weitere Vorteile sind der minimale Beobachter- und Ger\u00e4teeinfluss.<\/p>\n<p>3. Ein Prototyp f\u00fcr die kombinierte L\u00e4ngen- und Feinheitspr\u00fcfung an einzelnen Bastfaserb\u00fcndeln wurde entwickelt und aufgebaut. Die zu pr\u00fcfenden Fasern werden mit konstanter Geschwindigkeit einem optischen Sensor zugef\u00fchrt. Hiermit wird es erm\u00f6glicht, die Breiten und die L\u00e4ngen von einzelnen Bastfaserb\u00fcndeln zu ermitteln.<\/p>\n<p>Mit den vorgestellten Verfahren wird eine L\u00fccke in der Qualit\u00e4tskontrolle von Bastfasern geschlossen. Einige der Verfahren lie\u00dfen sich in absehbarer Zeit umsetzen. Die bisher gemachten Vorschl\u00e4ge f\u00fcr Pr\u00fcfverfahren sowie deren Harmonisierung sollten k\u00fcnftig in die konkrete Normungsarbeit einflie\u00dfen, so dass f\u00fcr die KmU verl\u00e4ssliche und abgesicherte Pr\u00fcfverfahren zur Verf\u00fcgung stehen.<\/p>\n<p>Gedankt wird dem Forschungskuratorium Textil e.V. f\u00fcr die finanzielle F\u00f6rderung des Forschungsvorhabens (AiF-Nr. 12868 N), die aus Haushaltsmitteln des <a href=\"http:\/\/www.bmwi.de\/\" >Bundesministeriums f\u00fcr Wirtschaft und Technologie<\/a> (BMWi) \u00fcber die \u201eArbeitsgemeinschaft industrieller Forschungsvereinigungen Otto-von-Guericke\u201c e.V. (<a href=\"http:\/\/www.aif.de\/\" >AiF<\/a>) erfolgte.<\/p>\n","protected":false},"excerpt":{"rendered":"<p>In einem seit geraumer Zeit aufstrebenden Markt f&uuml;r Bastfaserprodukte aus Flachs und Hanf sind sichere Angaben zur Rohstoffg&uuml;te unerl&auml;sslich. Traditionelle Pr&uuml;fverfahren stehen nicht zur Verf&uuml;gung<\/p>\n","protected":false},"author":3,"featured_media":0,"comment_status":"closed","ping_status":"closed","sticky":false,"template":"","format":"standard","meta":{"_seopress_robots_primary_cat":"","nova_meta_subtitle":"","footnotes":""},"categories":[5572],"tags":[],"supplier":[],"class_list":["post-5706","post","type-post","status-publish","format-standard","hentry","category-bio-based"],"_links":{"self":[{"href":"https:\/\/renewable-carbon.eu\/news\/wp-json\/wp\/v2\/posts\/5706","targetHints":{"allow":["GET"]}}],"collection":[{"href":"https:\/\/renewable-carbon.eu\/news\/wp-json\/wp\/v2\/posts"}],"about":[{"href":"https:\/\/renewable-carbon.eu\/news\/wp-json\/wp\/v2\/types\/post"}],"author":[{"embeddable":true,"href":"https:\/\/renewable-carbon.eu\/news\/wp-json\/wp\/v2\/users\/3"}],"replies":[{"embeddable":true,"href":"https:\/\/renewable-carbon.eu\/news\/wp-json\/wp\/v2\/comments?post=5706"}],"version-history":[{"count":0,"href":"https:\/\/renewable-carbon.eu\/news\/wp-json\/wp\/v2\/posts\/5706\/revisions"}],"wp:attachment":[{"href":"https:\/\/renewable-carbon.eu\/news\/wp-json\/wp\/v2\/media?parent=5706"}],"wp:term":[{"taxonomy":"category","embeddable":true,"href":"https:\/\/renewable-carbon.eu\/news\/wp-json\/wp\/v2\/categories?post=5706"},{"taxonomy":"post_tag","embeddable":true,"href":"https:\/\/renewable-carbon.eu\/news\/wp-json\/wp\/v2\/tags?post=5706"},{"taxonomy":"supplier","embeddable":true,"href":"https:\/\/renewable-carbon.eu\/news\/wp-json\/wp\/v2\/supplier?post=5706"}],"curies":[{"name":"wp","href":"https:\/\/api.w.org\/{rel}","templated":true}]}}