{"id":5696,"date":"2002-08-30T00:00:00","date_gmt":"2002-08-29T22:00:00","guid":{"rendered":"http:\/\/www.bio-based.eu\/news\/index.php?startid=20020830-03n"},"modified":"2002-08-30T00:00:00","modified_gmt":"2002-08-29T22:00:00","slug":"waldschaeden-in-europa-europaeischer-waldzustandsbericht-2002-erschienen","status":"publish","type":"post","link":"https:\/\/renewable-carbon.eu\/news\/waldschaeden-in-europa-europaeischer-waldzustandsbericht-2002-erschienen\/","title":{"rendered":"Waldsch\u00e4den in Europa: Europ\u00e4ischer Waldzustandsbericht 2002 erschienen"},"content":{"rendered":"<p>Nach einer vor\u00fcbergehenden Erholung hat sich der Zustand der W\u00e4lder in Europa im abgelaufenen Jahr wieder verschlechtert. Knapp ein Viertel der untersuchten Baumkronen waren im Jahr 2001 gesch\u00e4digt.<\/p>\n<p>Die Sch\u00e4den h\u00e4ngen mit nat\u00fcrlichen Stressfaktoren und teilweise mit Luftschadstoffen zusammen. Aber nicht nur die B\u00e4ume leiden unter den Schadstoffeintr\u00e4gen: Es zeigt sich jetzt auch ein Zusammenhang zwischen Stickstoffeintr\u00e4gen und der Artenzusammensetzung der Bodenvegetation. Dies sind Ergebnisse des aktuellen Berichtes &#8220;The Condition of Forests in Europe&#8221;, der soeben gemeinsam vom Internationalen Kooperationsprogramm f\u00fcr die Erfassung und \u00dcberwachung der Auswirkungen von Luftverunreinigungen auf W\u00e4lder (ICP Forests) und der Europ\u00e4ischen Kommission (EC) herausgegeben wurde. <\/p>\n<p>F\u00fcr \u00fcber 200 Intensivuntersuchungsfl\u00e4chen werden au\u00dferdem erstmals Grenzwerte f\u00fcr kritische Stickstoff- und S\u00e4ureeintr\u00e4ge errechnet. Durch einen Vergleich mit aktuellen Schadstoffbelastungen k\u00f6nnen Risiken f\u00fcr die Wald\u00f6kosysteme abgesch\u00e4tzt werden. Die \u00d6kosystemforscher gehen davon aus, dass die Pflanzenartenvielfalt der W\u00e4lder auf 58% der Untersuchungsfl\u00e4chen gef\u00e4hrdet ist. Auf einem Drittel der Erhebungsfl\u00e4chen wird zudem die Funktionsf\u00e4higkeit der Baumwurzeln durch S\u00e4ureeintr\u00e4ge beeintr\u00e4chtigt. <\/p>\n<p>Die Ergebnisse des ICP Forests sind nicht nur als Grundlage f\u00fcr internationale Ma\u00dfnahmen im Bereich der Luftreinhaltung gefragt. Zunehmend gewinnen die Daten und Ergebnisse auch f\u00fcr andere internationale Prozesse an Bedeutung, wie zum Beispiel in den Bereichen des Klimawandels und der nachhaltigen Forstwirtschaft. <\/p>\n<p>Der aktuelle Bericht ist im Internet verf\u00fcgbar unter <a href=\"http:\/\/www.icp-forests.org\/\" >www.icp-forests.org<\/a>. <\/p>\n<p>Kontakt:<br \/>Dr. Martin Lorenz &#8211; ICP Forests<br \/>Bundesforschungsanstalt f\u00fcr Forst- und Holzwirtschaft<br \/>Leuschnerstr. 91, 21031 Hamburg<br \/>Tel.: +40-(0)739-62-119<br \/>Fax: +40-(0)739-62-480 <br \/>E-Mail: <a href=\"mailto:lorenz@holz.uni-hamburg.de\">lorenz@holz.uni-hamburg.de<\/a><br \/>Internet: <a href=\"http:\/\/www.icp-forests.org\/\" >www.icp-forests.org<\/a><\/p>\n<p>Thomas Haussmann<br \/>Bundesministerium f\u00fcr Verbraucherschutz, Ern\u00e4hrung und Landwirtschaft<br \/>53107 Bonn<br \/>Tel: 0228-529-4321<br \/>Fax: 0228-529-4318 <br \/>E-Mail: <a href=\"mailto:thomas.haussmann@bmvel.bund.de\">thomas.haussmann@bmvel.bund.de<\/a><br \/>Internet: <a href=\"http:\/\/www.bfafh.de\/\" >www.bfafh.de<\/a><\/p>\n","protected":false},"excerpt":{"rendered":"<p>Nach einer vor&uuml;bergehenden Erholung hat sich der Zustand der W&auml;lder in Europa im abgelaufenen Jahr wieder verschlechtert. Knapp ein Viertel der untersuchten Baumkronen waren im<\/p>\n","protected":false},"author":3,"featured_media":0,"comment_status":"closed","ping_status":"closed","sticky":false,"template":"","format":"standard","meta":{"_seopress_robots_primary_cat":"","nova_meta_subtitle":"","footnotes":""},"categories":[5572],"tags":[],"supplier":[],"class_list":["post-5696","post","type-post","status-publish","format-standard","hentry","category-bio-based"],"_links":{"self":[{"href":"https:\/\/renewable-carbon.eu\/news\/wp-json\/wp\/v2\/posts\/5696","targetHints":{"allow":["GET"]}}],"collection":[{"href":"https:\/\/renewable-carbon.eu\/news\/wp-json\/wp\/v2\/posts"}],"about":[{"href":"https:\/\/renewable-carbon.eu\/news\/wp-json\/wp\/v2\/types\/post"}],"author":[{"embeddable":true,"href":"https:\/\/renewable-carbon.eu\/news\/wp-json\/wp\/v2\/users\/3"}],"replies":[{"embeddable":true,"href":"https:\/\/renewable-carbon.eu\/news\/wp-json\/wp\/v2\/comments?post=5696"}],"version-history":[{"count":0,"href":"https:\/\/renewable-carbon.eu\/news\/wp-json\/wp\/v2\/posts\/5696\/revisions"}],"wp:attachment":[{"href":"https:\/\/renewable-carbon.eu\/news\/wp-json\/wp\/v2\/media?parent=5696"}],"wp:term":[{"taxonomy":"category","embeddable":true,"href":"https:\/\/renewable-carbon.eu\/news\/wp-json\/wp\/v2\/categories?post=5696"},{"taxonomy":"post_tag","embeddable":true,"href":"https:\/\/renewable-carbon.eu\/news\/wp-json\/wp\/v2\/tags?post=5696"},{"taxonomy":"supplier","embeddable":true,"href":"https:\/\/renewable-carbon.eu\/news\/wp-json\/wp\/v2\/supplier?post=5696"}],"curies":[{"name":"wp","href":"https:\/\/api.w.org\/{rel}","templated":true}]}}