{"id":5693,"date":"2002-09-02T00:00:00","date_gmt":"2002-09-01T22:00:00","guid":{"rendered":"http:\/\/www.bio-based.eu\/news\/index.php?startid=20020902-04n"},"modified":"2002-09-02T00:00:00","modified_gmt":"2002-09-01T22:00:00","slug":"nova-buchbesprechung-10-jahre-c-a-r-m-e-n-e-v-jahrbuch-2002-nachwachsende-rohstoffe","status":"publish","type":"post","link":"https:\/\/renewable-carbon.eu\/news\/nova-buchbesprechung-10-jahre-c-a-r-m-e-n-e-v-jahrbuch-2002-nachwachsende-rohstoffe\/","title":{"rendered":"nova-Buchbesprechung: 10 Jahre C.A.R.M.E.N. e.V. &#8211; Jahrbuch 2002 &#8211; Nachwachsende Rohstoffe"},"content":{"rendered":"<p>Zum 10-Jahre-C.A.R.M.E.N.-Jubil\u00e4um erscheint ein ganz besonderes Jahrbuch mit insgesamt 521 Seiten. Das Buch enth\u00e4lt folgende Kapitel:<\/p>\n<ul>\n<li>Einleitung und Gru\u00dfworte<\/li>\n<li>Geschichte der Nachwachsenden Rohstoffe<\/li>\n<li>10 Jahre CARMEN &#8211; Eine dynamische Dekade<\/li>\n<li>Energetische Verwendung<\/li>\n<li>Stoffliche Nutzung<\/li>\n<li>Rahmenbedingungen f\u00fcr die Energiegewinnung aus Biomasse<\/li>\n<li>Unternehmensverzeichnis<\/li>\n<li>Verzeichnis der Beh\u00f6rden, Institutionen, Verb\u00e4nde, Vereine und Organisationen<\/li>\n<li>F\u00f6rderung von Bioenergieprojekten<\/li>\n<li>\u00dcbersicht \u00fcber M\u00f6glichkeiten zur F\u00f6rderung nachwachsender Rohstoffe (EU, BUND, L\u00e4nder)<\/li>\n<\/ul>\n<p>Die besonderen H\u00f6hepunkte des Buches sind die Kapitel zur energetischen und stofflichen Nutzung sowie die Rahmen- und F\u00f6rderm\u00f6glichkeiten. Sie stellen quasi ein eigenes und aktuelles Fachbuch zum Thema nachwachsende Rohstoffe dar. Umfassend und kompetent werden die unterschiedlichen NR-Produktlinien in Bezug auf Technik, Einsatzgebiete und M\u00e4rkte sowie die Preise diskutiert.<\/p>\n<p>Es w\u00e4re zu w\u00fcnschen, wenn diesen Kapiteln nicht das kurzlebige Schicksal von Jahresb\u00e4nden widerfahren w\u00fcrde. Vielmehr sollte C.A.R.M.E.N. sie als Grundlage f\u00fcr ein eigenst\u00e4ndiges Fachbuch verwenden.<\/p>\n<p>Das Jahrbuch 2002 kann bei der C.A.R.M.E.N. e.V. f\u00fcr 19,95 EUR bezogen werden.<\/p>\n<p>C.A.R.M.E.N. e.V.<br \/>Schulgasse 18<br \/>94315 Straubing<br \/>Tel.: 09421-960-300<br \/>Fax: 09421-960-333<br \/>E-Mail: <a href=\"mailto:el@carmen-ev.de\">el@carmen-ev.de<\/a><br \/>Internet: <a href=\"http:\/\/www.carmen-ev.de\/\" >www.carmen-ev.de<\/a><\/p>\n","protected":false},"excerpt":{"rendered":"<p>Zum 10-Jahre-C.A.R.M.E.N.-Jubil&auml;um erscheint ein ganz besonderes Jahrbuch mit insgesamt 521 Seiten. Das Buch enth&auml;lt folgende Kapitel:<\/p>\n<ul>\n<li>Einleitung und Gru&szlig;worte<\/li>\n<li>Geschichte der Nachwachsenden Rohstoffe<\/li>\n<li>10 Jahre CARMEN<\/li>\n<\/ul>\n","protected":false},"author":3,"featured_media":0,"comment_status":"closed","ping_status":"closed","sticky":false,"template":"","format":"standard","meta":{"_seopress_robots_primary_cat":"","nova_meta_subtitle":"","footnotes":""},"categories":[5572],"tags":[],"supplier":[],"class_list":["post-5693","post","type-post","status-publish","format-standard","hentry","category-bio-based"],"_links":{"self":[{"href":"https:\/\/renewable-carbon.eu\/news\/wp-json\/wp\/v2\/posts\/5693","targetHints":{"allow":["GET"]}}],"collection":[{"href":"https:\/\/renewable-carbon.eu\/news\/wp-json\/wp\/v2\/posts"}],"about":[{"href":"https:\/\/renewable-carbon.eu\/news\/wp-json\/wp\/v2\/types\/post"}],"author":[{"embeddable":true,"href":"https:\/\/renewable-carbon.eu\/news\/wp-json\/wp\/v2\/users\/3"}],"replies":[{"embeddable":true,"href":"https:\/\/renewable-carbon.eu\/news\/wp-json\/wp\/v2\/comments?post=5693"}],"version-history":[{"count":0,"href":"https:\/\/renewable-carbon.eu\/news\/wp-json\/wp\/v2\/posts\/5693\/revisions"}],"wp:attachment":[{"href":"https:\/\/renewable-carbon.eu\/news\/wp-json\/wp\/v2\/media?parent=5693"}],"wp:term":[{"taxonomy":"category","embeddable":true,"href":"https:\/\/renewable-carbon.eu\/news\/wp-json\/wp\/v2\/categories?post=5693"},{"taxonomy":"post_tag","embeddable":true,"href":"https:\/\/renewable-carbon.eu\/news\/wp-json\/wp\/v2\/tags?post=5693"},{"taxonomy":"supplier","embeddable":true,"href":"https:\/\/renewable-carbon.eu\/news\/wp-json\/wp\/v2\/supplier?post=5693"}],"curies":[{"name":"wp","href":"https:\/\/api.w.org\/{rel}","templated":true}]}}