{"id":5692,"date":"2002-09-02T00:00:00","date_gmt":"2002-09-01T22:00:00","guid":{"rendered":"http:\/\/www.bio-based.eu\/news\/index.php?startid=20020902-10n"},"modified":"2002-09-02T00:00:00","modified_gmt":"2002-09-01T22:00:00","slug":"neue-c-a-r-m-e-n-broschre-energetische-nutzung-von-biomasse","status":"publish","type":"post","link":"https:\/\/renewable-carbon.eu\/news\/neue-c-a-r-m-e-n-broschre-energetische-nutzung-von-biomasse\/","title":{"rendered":"Neue C.A.R.M.E.N.-Brosch&uuml;re: &#8220;Energetische Nutzung von Biomasse&#8221;"},"content":{"rendered":"<p>Eine 6-seitige Brosch\u00fcre \u00fcber die &#8220;Energetische Nutzung von Biomasse&#8221; hat die Koordinierungsstelle f\u00fcr nachwachsende Rohstoffe <a href=\"http:\/\/www.carmen-ev.de\/\" >C.A.R.M.E.N. e.V.<\/a> herausgebracht.<\/p>\n<p>Die Publikation soll einen detaillierten \u00dcberblick \u00fcber Technik, Brennstoffe und die staatlichen F\u00f6rderprogramme vermitteln. Bayern hofft, mit dieser Ma\u00dfnahme die Energiegewinnung aus Biomasse weiter voran zu treiben, insbesondere gebe es gerade bei kommunalen Einrichtungen wie Schulen oder Hallenb\u00e4dern M\u00f6glichkeiten, Holz als Brennstoff einzusetzen.<\/p>\n<p>Die Brosch\u00fcre ist erh\u00e4ltlich bei der<br \/>C.A.R.M.E.N. e.V.<br \/>Schulgasse 18<br \/>94315 Straubing<br \/>Tel.: 09421-960-300<br \/>Fax: 09421-960-333 <br \/>E-Mail: <a href=\"mailto:contact@carmen-ev.de\">contact@carmen-ev.de<\/a><\/p>\n","protected":false},"excerpt":{"rendered":"<p>Eine 6-seitige Brosch&uuml;re &uuml;ber die &#8220;Energetische Nutzung von Biomasse&#8221; hat die Koordinierungsstelle f&uuml;r nachwachsende Rohstoffe C.A.R.M.E.N. e.V. herausgebracht.<\/p>\n<p>Die Publikation soll einen detaillierten &Uuml;berblick<\/p>\n","protected":false},"author":3,"featured_media":0,"comment_status":"closed","ping_status":"closed","sticky":false,"template":"","format":"standard","meta":{"_seopress_robots_primary_cat":"","nova_meta_subtitle":"","footnotes":""},"categories":[5572],"tags":[],"supplier":[],"class_list":["post-5692","post","type-post","status-publish","format-standard","hentry","category-bio-based"],"_links":{"self":[{"href":"https:\/\/renewable-carbon.eu\/news\/wp-json\/wp\/v2\/posts\/5692","targetHints":{"allow":["GET"]}}],"collection":[{"href":"https:\/\/renewable-carbon.eu\/news\/wp-json\/wp\/v2\/posts"}],"about":[{"href":"https:\/\/renewable-carbon.eu\/news\/wp-json\/wp\/v2\/types\/post"}],"author":[{"embeddable":true,"href":"https:\/\/renewable-carbon.eu\/news\/wp-json\/wp\/v2\/users\/3"}],"replies":[{"embeddable":true,"href":"https:\/\/renewable-carbon.eu\/news\/wp-json\/wp\/v2\/comments?post=5692"}],"version-history":[{"count":0,"href":"https:\/\/renewable-carbon.eu\/news\/wp-json\/wp\/v2\/posts\/5692\/revisions"}],"wp:attachment":[{"href":"https:\/\/renewable-carbon.eu\/news\/wp-json\/wp\/v2\/media?parent=5692"}],"wp:term":[{"taxonomy":"category","embeddable":true,"href":"https:\/\/renewable-carbon.eu\/news\/wp-json\/wp\/v2\/categories?post=5692"},{"taxonomy":"post_tag","embeddable":true,"href":"https:\/\/renewable-carbon.eu\/news\/wp-json\/wp\/v2\/tags?post=5692"},{"taxonomy":"supplier","embeddable":true,"href":"https:\/\/renewable-carbon.eu\/news\/wp-json\/wp\/v2\/supplier?post=5692"}],"curies":[{"name":"wp","href":"https:\/\/api.w.org\/{rel}","templated":true}]}}