{"id":5691,"date":"2002-09-02T00:00:00","date_gmt":"2002-09-01T22:00:00","guid":{"rendered":"http:\/\/www.bio-based.eu\/news\/index.php?startid=20020902-06n"},"modified":"2002-09-02T00:00:00","modified_gmt":"2002-09-01T22:00:00","slug":"probleme-bei-faserproduktion-auf-pferdsfeld","status":"publish","type":"post","link":"https:\/\/renewable-carbon.eu\/news\/probleme-bei-faserproduktion-auf-pferdsfeld\/","title":{"rendered":"Probleme bei Faserproduktion auf Pferdsfeld"},"content":{"rendered":"<p>Schwierigkeiten mit der Faserproduktion auf Pferdsfeld &#8211; dies war Thema bei beiner Fachtagung der Freien Demokraten. Trotz der 5 Mio. DM, die das Land in das Projekt investiert hatte, musste Staatssekret\u00e4r Harald Glahn eingestehen, dass wirtschaftliche Probleme und Entwicklungsh\u00fcrden mit dem Standort verbunden seien. Insbesondere auf den drei Ebenen \u201eErzeuger, Verarbeiter und Vertrieb\u201c sieht Glahn noch Schwierigkeiten.<\/p>\n<p>Dennoch h\u00e4lt die Landesregierung am Standort fest, wobei Glahn ausdr\u00fccklich zu verstehen gab: \u201eDamit verbinde ich aber nicht die Aussage, dass Pferdsfeld der einzige Bereich f\u00fcr die Faserproduktion ist.\u201c Indes r\u00e4umte der Staatssekret\u00e4r bei allem Optimismus ein, dass Qualit\u00e4ts- und Verarbeitungsfragen sowie ein weltmarktgerechtes Produkt f\u00fcr einen k\u00fcnftigen Erfolg ausschlaggebend seien. Glahn erkl\u00e4rte, \u201edass die bisherigen Ergebnisse einer Korrektur bed\u00fcrfen und gemachte Erfahrungen in die neue Arbeit einflie\u00dfen\u201c. Zuversichtlich baut er auf neue Verarbeitungsmethoden und sieht Chancen, mit Faserprodukten auch \u00fcber die Landesgrenzen hinweg in die Automobilindustrie einzusteigen.<\/p>\n<p>(Vgl. Meldungen vom <a href=\"https:\/\/renewable-carbon.eu\/news\/wird-pferdsfeld-neuer-naturfaser-standort\/\" >2002-04-03<\/a> und <a href=\"https:\/\/renewable-carbon.eu\/news\/bauzulassung-fr-agrothermsupsup-steht-vor-der-tr\/\" >2001-06-07<\/a>.)<\/p>\n","protected":false},"excerpt":{"rendered":"<p>Schwierigkeiten mit der Faserproduktion auf Pferdsfeld &#8211; dies war Thema bei beiner Fachtagung der Freien Demokraten. Trotz der 5 Mio. DM, die das Land in<\/p>\n","protected":false},"author":3,"featured_media":0,"comment_status":"closed","ping_status":"closed","sticky":false,"template":"","format":"standard","meta":{"_seopress_robots_primary_cat":"","nova_meta_subtitle":"","footnotes":""},"categories":[5572],"tags":[],"supplier":[],"class_list":["post-5691","post","type-post","status-publish","format-standard","hentry","category-bio-based"],"_links":{"self":[{"href":"https:\/\/renewable-carbon.eu\/news\/wp-json\/wp\/v2\/posts\/5691","targetHints":{"allow":["GET"]}}],"collection":[{"href":"https:\/\/renewable-carbon.eu\/news\/wp-json\/wp\/v2\/posts"}],"about":[{"href":"https:\/\/renewable-carbon.eu\/news\/wp-json\/wp\/v2\/types\/post"}],"author":[{"embeddable":true,"href":"https:\/\/renewable-carbon.eu\/news\/wp-json\/wp\/v2\/users\/3"}],"replies":[{"embeddable":true,"href":"https:\/\/renewable-carbon.eu\/news\/wp-json\/wp\/v2\/comments?post=5691"}],"version-history":[{"count":0,"href":"https:\/\/renewable-carbon.eu\/news\/wp-json\/wp\/v2\/posts\/5691\/revisions"}],"wp:attachment":[{"href":"https:\/\/renewable-carbon.eu\/news\/wp-json\/wp\/v2\/media?parent=5691"}],"wp:term":[{"taxonomy":"category","embeddable":true,"href":"https:\/\/renewable-carbon.eu\/news\/wp-json\/wp\/v2\/categories?post=5691"},{"taxonomy":"post_tag","embeddable":true,"href":"https:\/\/renewable-carbon.eu\/news\/wp-json\/wp\/v2\/tags?post=5691"},{"taxonomy":"supplier","embeddable":true,"href":"https:\/\/renewable-carbon.eu\/news\/wp-json\/wp\/v2\/supplier?post=5691"}],"curies":[{"name":"wp","href":"https:\/\/api.w.org\/{rel}","templated":true}]}}