{"id":5690,"date":"2002-09-02T00:00:00","date_gmt":"2002-09-01T22:00:00","guid":{"rendered":"http:\/\/www.bio-based.eu\/news\/index.php?startid=20020902-08n"},"modified":"2002-09-02T00:00:00","modified_gmt":"2002-09-01T22:00:00","slug":"bmvel-weltmarktpreise-fuer-getreide-und-oelsaaten","status":"publish","type":"post","link":"https:\/\/renewable-carbon.eu\/news\/bmvel-weltmarktpreise-fuer-getreide-und-oelsaaten\/","title":{"rendered":"BMVEL: Weltmarktpreise f\u00fcr Getreide und \u00d6lsaaten"},"content":{"rendered":"<p>Die im Vergleich zum Vorjahr h\u00f6heren \u00d6lsaatenpreise sind nahezu ausschlie\u00dflich eine Folge der deutlich gestiegenen Notierungen f\u00fcr pflanzliche \u00d6le. Da hier weiterhin mit einer unter dem Nachfrageumfang verharrenden Produktion gerechnet wird, d\u00fcrfte der preissteigernde Einfluss auf \u00d6lsaaten anhalten. Vor allem infolge niedrigerer Produktion an Palm-, Raps- und Sonnenblumen\u00f6l wird mit Preisauftrieben gerechnet. Vielfach wurden Rapskontrakte in einer Spanne von 22,50 bis 23,00 \u20ac\/100 kg abgeschlossen.<\/p>\n<p>Viele M\u00fchlen verf\u00fcgen nur \u00fcber eine knappe Rohstoffversorgung. Auf der Erzeugerstufe werden f\u00fcr nicht kontrahierte Ware rund 20,00-22,00 \u20ac\/100 kg erwartet. Die weitere Preisbildung f\u00fcr Raps der Ernte \u201802 wird auch von der EU-Ernte und der Verwendung von Raps zu Nachwachsenden Rohstoffen abh\u00e4ngen.<\/p>\n","protected":false},"excerpt":{"rendered":"<p>Die im Vergleich zum Vorjahr h&ouml;heren &Ouml;lsaatenpreise sind nahezu ausschlie&szlig;lich eine Folge der deutlich gestiegenen Notierungen f&uuml;r pflanzliche &Ouml;le. Da hier weiterhin mit einer unter<\/p>\n","protected":false},"author":3,"featured_media":0,"comment_status":"closed","ping_status":"closed","sticky":false,"template":"","format":"standard","meta":{"_seopress_robots_primary_cat":"","nova_meta_subtitle":"","footnotes":""},"categories":[5572],"tags":[],"supplier":[],"class_list":["post-5690","post","type-post","status-publish","format-standard","hentry","category-bio-based"],"_links":{"self":[{"href":"https:\/\/renewable-carbon.eu\/news\/wp-json\/wp\/v2\/posts\/5690","targetHints":{"allow":["GET"]}}],"collection":[{"href":"https:\/\/renewable-carbon.eu\/news\/wp-json\/wp\/v2\/posts"}],"about":[{"href":"https:\/\/renewable-carbon.eu\/news\/wp-json\/wp\/v2\/types\/post"}],"author":[{"embeddable":true,"href":"https:\/\/renewable-carbon.eu\/news\/wp-json\/wp\/v2\/users\/3"}],"replies":[{"embeddable":true,"href":"https:\/\/renewable-carbon.eu\/news\/wp-json\/wp\/v2\/comments?post=5690"}],"version-history":[{"count":0,"href":"https:\/\/renewable-carbon.eu\/news\/wp-json\/wp\/v2\/posts\/5690\/revisions"}],"wp:attachment":[{"href":"https:\/\/renewable-carbon.eu\/news\/wp-json\/wp\/v2\/media?parent=5690"}],"wp:term":[{"taxonomy":"category","embeddable":true,"href":"https:\/\/renewable-carbon.eu\/news\/wp-json\/wp\/v2\/categories?post=5690"},{"taxonomy":"post_tag","embeddable":true,"href":"https:\/\/renewable-carbon.eu\/news\/wp-json\/wp\/v2\/tags?post=5690"},{"taxonomy":"supplier","embeddable":true,"href":"https:\/\/renewable-carbon.eu\/news\/wp-json\/wp\/v2\/supplier?post=5690"}],"curies":[{"name":"wp","href":"https:\/\/api.w.org\/{rel}","templated":true}]}}