{"id":5686,"date":"2002-09-03T00:00:00","date_gmt":"2002-09-02T22:00:00","guid":{"rendered":"http:\/\/www.bio-based.eu\/news\/index.php?startid=20020903-01n"},"modified":"2002-09-03T00:00:00","modified_gmt":"2002-09-02T22:00:00","slug":"europaeische-biomassetage-der-regionen-2002-am-25-september-eroeffnung-in-strasbourg","status":"publish","type":"post","link":"https:\/\/renewable-carbon.eu\/news\/europaeische-biomassetage-der-regionen-2002-am-25-september-eroeffnung-in-strasbourg\/","title":{"rendered":"Europ\u00e4ische Biomassetage der Regionen 2002 &#8211; am 25. September Er\u00f6ffnung in Strasbourg"},"content":{"rendered":"<p>Am Mittwoch, den 25. September kommen in Strasbourg Parlamentarier und Vertreter von Medien und Biomasse-Organisationen zusammen, um sich f\u00fcr die &#8220;Europ\u00e4ischen Biomassetage der Regionen 2002&#8221; einzusetzen. Dr. Ingo Friedrich, Vizepr\u00e4sident des europ\u00e4ischen Parlamentes, wird den offiziellen Beginn der vom 29. September bis 6. Oktober 2002 stattfindenden, europaweiten Aktion bekannt geben. <\/p>\n<p>Anschlie\u00dfend werden die &#8220;&#8221;Association of European Biomass Organisations<a href=\"http:\/\/www.ecop.ucl.ac.be\/aebiom\/\" ><\/a> (AEBIOM) und <a href=\"http:\/\/www.carmen-ev.de\/\" >C.A.R.M.E.N.<\/a>, die Bayerische Koordinierungsstelle f\u00fcr Nachwachsende Rohstoffe, den Mitgliedern des Europ\u00e4ischen Parlamentes eine Deklaration \u00fcberreichen, die die Bedeutung der Biomasse als Energiequelle und Rohstoff f\u00fcr biologisch abbaubare Produkte belegt. <\/p>\n<p>Die &#8220;Europ\u00e4ischen Biomassetage der Regionen 2002&#8221; stehen unter Schirmherrschaft der Vizepr\u00e4sidentin der Europ\u00e4ischen Kommission, Loyola de Palacio del Valle Lersundi. Die Vizepr\u00e4sidentin unterst\u00fctzt &#8211; gemeinsam mit Bayerns Landwirtschaftsminister Josef Miller &#8211; das Ziel, die breite \u00d6ffentlichkeit \u00fcber die Bedeutung und die M\u00f6glichkeiten der Nutzung Nachwachsender Rohstoffe zu informieren. <\/p>\n<p>In dieser Biomasse-Woche werden an vielen Orten in Europa Firmen, Institutionen und Projekte, die Biomasse als Energiequelle oder Rohstoff nutzen oder sich mit deren Nutzungsm\u00f6glichkeiten besch\u00e4ftigen, einen oder mehrere Tage f\u00fcr Aktionen ausw\u00e4hlen. Moderne Holz-Heizungssysteme in privaten Haushalten werden ebenso demonstriert wie D\u00e4mmstoffe aus Hanf und auf Pflanzen\u00f6l basierende Farben und Lacke. <\/p>\n<p>F\u00fcr die Organisation in Europa ist AEBIOM verantwortlich, die \u00fcber ihre Mitglieder auf Biomasseorganisationen in 23 europ\u00e4ischen L\u00e4ndern zur\u00fcckgreifen kann. Diese Mitglieder organisieren die Biomassetage in ihren jeweiligen L\u00e4ndern. Sie richten sich an Medien und Multiplikatoren, um die \u00d6ffentlichkeit in ihrem Land oder ihrer Region f\u00fcr die Idee der Biomassetage zu begeistern. Zusammen mit den anderen Koordinatoren betreibt C.A.R.M.E.N. Deutschland- und EU-weit \u00fcberregionale Medienberichterstattung und ver\u00f6ffentlicht die Teilnehmer im Internet (<a href=\"http:\/\/www.biomasse-tage.org\/\" >http:\/\/www.biomasse-tage.org<\/a>). Die Presse- und \u00d6ffentlichkeitsarbeit vor Ort wird von den Teilnehmern selbst mit Unterst\u00fctzung der jeweiligen Landesorganisation geleistet.<\/p>\n<p>Weitere Infos bei: <br \/>C.A.R.M.E.N. e.V.<br \/>Karl Hanglberger<br \/>Schulgasse 18<br \/>94315 Straubing<br \/>Tel.: 09421-960-300<br \/>E-Mail: <a href=\"mailto:kh@carmen-ev.de\">kh@carmen-ev.de<\/a><br \/>Internet: <a href=\"http:\/\/www.biomasse-tage.org\/\" >www.biomasse-tage.org<\/a> und <a href=\"http:\/\/www.carmen-ev.de\/\" >www.carmen-ev.de<\/a><\/p>\n","protected":false},"excerpt":{"rendered":"<p>Am Mittwoch, den 25. September kommen in Strasbourg Parlamentarier und Vertreter von Medien und Biomasse-Organisationen zusammen, um sich f&uuml;r die &#8220;Europ&auml;ischen Biomassetage der Regionen 2002&#8221;<\/p>\n","protected":false},"author":3,"featured_media":0,"comment_status":"closed","ping_status":"closed","sticky":false,"template":"","format":"standard","meta":{"_seopress_robots_primary_cat":"","nova_meta_subtitle":"","footnotes":""},"categories":[5572],"tags":[],"supplier":[],"class_list":["post-5686","post","type-post","status-publish","format-standard","hentry","category-bio-based"],"_links":{"self":[{"href":"https:\/\/renewable-carbon.eu\/news\/wp-json\/wp\/v2\/posts\/5686","targetHints":{"allow":["GET"]}}],"collection":[{"href":"https:\/\/renewable-carbon.eu\/news\/wp-json\/wp\/v2\/posts"}],"about":[{"href":"https:\/\/renewable-carbon.eu\/news\/wp-json\/wp\/v2\/types\/post"}],"author":[{"embeddable":true,"href":"https:\/\/renewable-carbon.eu\/news\/wp-json\/wp\/v2\/users\/3"}],"replies":[{"embeddable":true,"href":"https:\/\/renewable-carbon.eu\/news\/wp-json\/wp\/v2\/comments?post=5686"}],"version-history":[{"count":0,"href":"https:\/\/renewable-carbon.eu\/news\/wp-json\/wp\/v2\/posts\/5686\/revisions"}],"wp:attachment":[{"href":"https:\/\/renewable-carbon.eu\/news\/wp-json\/wp\/v2\/media?parent=5686"}],"wp:term":[{"taxonomy":"category","embeddable":true,"href":"https:\/\/renewable-carbon.eu\/news\/wp-json\/wp\/v2\/categories?post=5686"},{"taxonomy":"post_tag","embeddable":true,"href":"https:\/\/renewable-carbon.eu\/news\/wp-json\/wp\/v2\/tags?post=5686"},{"taxonomy":"supplier","embeddable":true,"href":"https:\/\/renewable-carbon.eu\/news\/wp-json\/wp\/v2\/supplier?post=5686"}],"curies":[{"name":"wp","href":"https:\/\/api.w.org\/{rel}","templated":true}]}}