{"id":5681,"date":"2002-09-05T00:00:00","date_gmt":"2002-09-04T22:00:00","guid":{"rendered":"http:\/\/www.bio-based.eu\/news\/index.php?startid=20020905-05n"},"modified":"2002-09-05T00:00:00","modified_gmt":"2002-09-04T22:00:00","slug":"berninger-zerstoerung-der-tropenwaelder-mit-konkreten-massnahmen-stoppen","status":"publish","type":"post","link":"https:\/\/renewable-carbon.eu\/news\/berninger-zerstoerung-der-tropenwaelder-mit-konkreten-massnahmen-stoppen\/","title":{"rendered":"Berninger: Zerst\u00f6rung der Tropenw\u00e4lder mit konkreten Ma\u00dfnahmen stoppen"},"content":{"rendered":"<p>&#8220;Es ist h\u00f6chste Zeit zum Handeln, wenn die Zerst\u00f6rung der Tropenw\u00e4lder gestoppt werden soll&#8221;, sagte der parlamentarische Staatssekret\u00e4r im <a href=\"http:\/\/www.verbraucherministerium.de\/\" >Bundesverbraucherministerium<\/a>, Matthias Berninger, auf einer Podiumsdiskussion zum Thema &#8220;Internationale Walderhaltung&#8221; am 2. September beim Nachhaltigkeitsgipfel in Johannesburg. Konkrete Initiativen seien unverzichtbar, um den betroffenen Staaten zu helfen. Die Bundesregierung werde sich deshalb an der von S\u00fcdafrika und den USA angeregten Kongobecken-Waldinitiative f\u00fcr die zweitgr\u00f6\u00dfte Tropenwaldregion der Welt beteiligen, erl\u00e4uterte der Staatssekret\u00e4r. Dazu werde Deutschland aus Mitteln des Bundesministeriums f\u00fcr wirtschaftliche Zusammenarbeit und Entwicklung neben seinen derzeit laufenden Waldprojekten in der Kongoregion in H\u00f6he von 53 Millionen Euro zus\u00e4tzliche 5 Millionen Euro f\u00fcr die Startphase der Initiative bereit stellen. <\/p>\n<p>Gemeinsam mit \u00f6ffentlichen und privaten Partnern aus S\u00fcdafrika, USA, Kanada, Frankreich, UK, der EU-Kommission und den Kongostaaten selbst sollen abgestimmte Ma\u00dfnahmen zum Schutz und zur nachhaltigen Bewirtschaftung der W\u00e4lder, zur Armutsbek\u00e4mpfung, zur St\u00e4rkung der \u00f6rtlichen Verwaltung und zum Schutz der Biodiversit\u00e4t ergriffen werden. Hierzu geh\u00f6ren auch die F\u00f6rderung der Zertifizierung nach international anerkannten Standards wie dem Forest Stewardship Council (FSC) und die Bek\u00e4mpfung des illegalen Holzeinschlags.<\/p>\n<p>Berninger unterst\u00fctzte die Forderung der Nichtregierungsorganisationen, dass wirkungsvolle Ma\u00dfnahmen in der von der Zerst\u00f6rung bedrohten Waldregion des Kongobeckens auf intensiver und umfassender Beteiligung der betroffenen Bev\u00f6lkerung aufbauen m\u00fcssen. Die Bundesregierung werde daf\u00fcr werben, dass m\u00f6glichst viele \u00f6ffentliche und private Partner der Initiative beitreten, um sie zum Erfolg zu f\u00fchren als wichtigen Beitrag zur Umsetzung der RIO-Waldbeschl\u00fcsse in die Praxis.<\/p>\n<p>US-Au\u00dfenminister Colin Powell stellt die Initiative heute beim Johannesburggipfel der \u00d6ffentlichkeit vor. F\u00fcr die europ\u00e4ischen Partner ergreift die EU-Kommission das Wort und erl\u00e4utert die vorgesehenen Beitr\u00e4ge.<\/p>\n<p>(Vgl. Meldung vom <a href=\"https:\/\/renewable-carbon.eu\/news\/unkontrollierter-holzeinschlag-bedroht-borneos-regenwaldbestand\/\" >2002-08-22<\/a>.)<\/p>\n","protected":false},"excerpt":{"rendered":"<p>&#8220;Es ist h&ouml;chste Zeit zum Handeln, wenn die Zerst&ouml;rung der Tropenw&auml;lder gestoppt werden soll&#8221;, sagte der parlamentarische Staatssekret&auml;r im Bundesverbraucherministerium, Matthias Berninger, auf einer Podiumsdiskussion<\/p>\n","protected":false},"author":3,"featured_media":0,"comment_status":"closed","ping_status":"closed","sticky":false,"template":"","format":"standard","meta":{"_seopress_robots_primary_cat":"","nova_meta_subtitle":"","footnotes":""},"categories":[5572],"tags":[],"supplier":[],"class_list":["post-5681","post","type-post","status-publish","format-standard","hentry","category-bio-based"],"_links":{"self":[{"href":"https:\/\/renewable-carbon.eu\/news\/wp-json\/wp\/v2\/posts\/5681","targetHints":{"allow":["GET"]}}],"collection":[{"href":"https:\/\/renewable-carbon.eu\/news\/wp-json\/wp\/v2\/posts"}],"about":[{"href":"https:\/\/renewable-carbon.eu\/news\/wp-json\/wp\/v2\/types\/post"}],"author":[{"embeddable":true,"href":"https:\/\/renewable-carbon.eu\/news\/wp-json\/wp\/v2\/users\/3"}],"replies":[{"embeddable":true,"href":"https:\/\/renewable-carbon.eu\/news\/wp-json\/wp\/v2\/comments?post=5681"}],"version-history":[{"count":0,"href":"https:\/\/renewable-carbon.eu\/news\/wp-json\/wp\/v2\/posts\/5681\/revisions"}],"wp:attachment":[{"href":"https:\/\/renewable-carbon.eu\/news\/wp-json\/wp\/v2\/media?parent=5681"}],"wp:term":[{"taxonomy":"category","embeddable":true,"href":"https:\/\/renewable-carbon.eu\/news\/wp-json\/wp\/v2\/categories?post=5681"},{"taxonomy":"post_tag","embeddable":true,"href":"https:\/\/renewable-carbon.eu\/news\/wp-json\/wp\/v2\/tags?post=5681"},{"taxonomy":"supplier","embeddable":true,"href":"https:\/\/renewable-carbon.eu\/news\/wp-json\/wp\/v2\/supplier?post=5681"}],"curies":[{"name":"wp","href":"https:\/\/api.w.org\/{rel}","templated":true}]}}