{"id":5674,"date":"2002-09-09T00:00:00","date_gmt":"2002-09-08T22:00:00","guid":{"rendered":"http:\/\/www.bio-based.eu\/news\/index.php?startid=20020909-05n"},"modified":"2002-09-09T00:00:00","modified_gmt":"2002-09-08T22:00:00","slug":"vorstellung-der-akustischen-und-mechanischen-eigenschaften-von-naturfaserverstaerkten-werkstoffverbunden-am-18-september-bei-der-avk-tv-in-baden-baden","status":"publish","type":"post","link":"https:\/\/renewable-carbon.eu\/news\/vorstellung-der-akustischen-und-mechanischen-eigenschaften-von-naturfaserverstaerkten-werkstoffverbunden-am-18-september-bei-der-avk-tv-in-baden-baden\/","title":{"rendered":"Vorstellung der akustischen und mechanischen Eigenschaften von naturfaserverst\u00e4rkten Werkstoffverbunden am 18. September bei der AVK-TV in Baden-Baden"},"content":{"rendered":"<p>Im Rahmen des Projektes &#8220;Hot Topics&#8221; wurden die Einfl\u00fcsse von verschiedenen Bastfasern, deren Mischung und der Verarbeitungsschritte von der Faser bis zum Sandwichaufbau auf das akustische und mechanische Verhalten ermittelt.<\/p>\n<p>Zum einen werden Fasereigenschaften wie Faserfeinheit, -l\u00e4nge und Faserfestigkeit betrachtet. Zum anderen werden die mechanischen Eigenschaften aus verpressten Verbundproben bei Drei-Punkt-Biegeversuchen, Zugversuchen und Charpy-Schlagz\u00e4higkeit Versuchen erl\u00e4utert. <\/p>\n<p>Diese Ergebnisse werden mit den akustischen Eigenschaften in Zusammenhang gebracht. Dazu wurden die Materialien bzw. Bauteile bzgl. ihres Absorptionsverhaltens im gerichteten und diffusen Schallfeld untersucht. Hierzu stand als Messverfahren die Messung des frequenzabh\u00e4ngigen Absorptionskoeffizienten in einem verkleinerten Hallraum, der Alpha-Kabine, und einem Impedanzmessrohr zur Verf\u00fcgung. <\/p>\n<p>Entsprechend den Verarbeitungsstufen wurden die Untersuchungen mit Faserflocken, Floren, Mischfilzen, Vliesen, Verbunden bis hin zum Sandwich durchgef\u00fchrt. Untersucht wurden unterschiedliche Mischungsverh\u00e4ltnisse von Polypropylen und Naturfasern, unterschiedliche Vernadelungsdichten sowie unterschiedliche R\u00f6stgrade der Naturfasern. Au\u00dferdem wurden Messreihen bzgl. der Verpressung eines Ausgangsfilzes durchgef\u00fchrt.<\/p>\n<p>Alle Ergebnisse werden sowohl im Rahmen der j\u00e4hrlichen Tagung vom AVK-TV in Baden-Baden am 18. September vorgetragen, als auch in Form von einem Poster im Rahmen der Messe <a href=\"http:\/\/www.materialica.de\/\" >Materialica<\/a> in M\u00fcnchen am 30. September und 1. Oktober vorgestellt.<\/p>\n","protected":false},"excerpt":{"rendered":"<p>Im Rahmen des Projektes &#8220;Hot Topics&#8221; wurden die Einfl&uuml;sse von verschiedenen Bastfasern, deren Mischung und der Verarbeitungsschritte von der Faser bis zum Sandwichaufbau auf das<\/p>\n","protected":false},"author":3,"featured_media":0,"comment_status":"closed","ping_status":"closed","sticky":false,"template":"","format":"standard","meta":{"_seopress_robots_primary_cat":"","nova_meta_subtitle":"","footnotes":""},"categories":[5572],"tags":[],"supplier":[],"class_list":["post-5674","post","type-post","status-publish","format-standard","hentry","category-bio-based"],"_links":{"self":[{"href":"https:\/\/renewable-carbon.eu\/news\/wp-json\/wp\/v2\/posts\/5674","targetHints":{"allow":["GET"]}}],"collection":[{"href":"https:\/\/renewable-carbon.eu\/news\/wp-json\/wp\/v2\/posts"}],"about":[{"href":"https:\/\/renewable-carbon.eu\/news\/wp-json\/wp\/v2\/types\/post"}],"author":[{"embeddable":true,"href":"https:\/\/renewable-carbon.eu\/news\/wp-json\/wp\/v2\/users\/3"}],"replies":[{"embeddable":true,"href":"https:\/\/renewable-carbon.eu\/news\/wp-json\/wp\/v2\/comments?post=5674"}],"version-history":[{"count":0,"href":"https:\/\/renewable-carbon.eu\/news\/wp-json\/wp\/v2\/posts\/5674\/revisions"}],"wp:attachment":[{"href":"https:\/\/renewable-carbon.eu\/news\/wp-json\/wp\/v2\/media?parent=5674"}],"wp:term":[{"taxonomy":"category","embeddable":true,"href":"https:\/\/renewable-carbon.eu\/news\/wp-json\/wp\/v2\/categories?post=5674"},{"taxonomy":"post_tag","embeddable":true,"href":"https:\/\/renewable-carbon.eu\/news\/wp-json\/wp\/v2\/tags?post=5674"},{"taxonomy":"supplier","embeddable":true,"href":"https:\/\/renewable-carbon.eu\/news\/wp-json\/wp\/v2\/supplier?post=5674"}],"curies":[{"name":"wp","href":"https:\/\/api.w.org\/{rel}","templated":true}]}}