{"id":5641,"date":"2002-09-27T00:00:00","date_gmt":"2002-09-26T22:00:00","guid":{"rendered":"http:\/\/www.bio-based.eu\/news\/index.php?startid=20020927-04n"},"modified":"2002-09-27T00:00:00","modified_gmt":"2002-09-26T22:00:00","slug":"bio-baumwollkampagne-im-bremer-weltladen","status":"publish","type":"post","link":"https:\/\/renewable-carbon.eu\/news\/bio-baumwollkampagne-im-bremer-weltladen\/","title":{"rendered":"Bio-Baumwollkampagne im Bremer Weltladen"},"content":{"rendered":"<p>Eine Alternative zum oft extrem umwelt- und gesundheitssch\u00e4dlichen Anbau der Baumwolle will nun in Bremen ein B\u00fcndnis aus entwicklungspolitischen Gruppen sowie Umwelt- und Verbraucherorganisationen aufzeigen. Im Rahmen der <a href=\"http:\/\/www.bizme.de\/7woche.html\" >Fairen Woche<\/a>, die gerade analog zum Gipfel in Johannesburg stattfindet, werden mittels einer Kampagne, die f\u00fcr <a href=\"http:\/\/www.bizme.de\/5ccc.html\" >saubere Textilien<\/a> wirbt, Handt\u00fccher aus Bio-Baumwolle unter anderem im <a href=\"http:\/\/www.bremer-weltladen.de\/\" >Bremer Weltladen<\/a> angeboten. Die Fasern hierf\u00fcr entstammen einem Projekt aus Indien, wo mehr als 1.000 Kleinbauern vom Bio-Baumwollanbau leben.<\/p>\n<p>Dass \u00f6kologischer Anbau und fairer Handel sinnvoll und wichtig sind, sei vielen Menschen l\u00e4ngst bewusst, erkl\u00e4rt Susanne Mewis vom Bremer Weltladen, wo auch eine Liste von weiteren Bremer Gesch\u00e4ften ausliegt, die Naturtextilien verkaufen. \u201eWir wollen mit dieser Kampagne zeigen, dass man mit kleinen Schritten durchaus etwas bewegen kann\u201c, so Gertraud Gauer-S\u00fc\u00df vom <a href=\"http:\/\/www.bizme.de\/\" >Bremer Informationszentrum f\u00fcr Menschenrechte und Entwicklung<\/a> (biz), das ebenfalls der Kooperative angeschlossen ist. Beim biz k\u00f6nnen auch weitere Informationen zur Fairen Woche oder zur Biobaumwoll-Kampagne unter Telefon <b>0421-1719 10<\/b> erfragt werden.<\/p>\n<p>(Vgl. Meldung vom <a href=\"https:\/\/renewable-carbon.eu\/news\/schweizer-bio-baumwolle-soll-den-markt-erobern\/\" >2002-09-02<\/a>.)<\/p>\n","protected":false},"excerpt":{"rendered":"<p>Eine Alternative zum oft extrem umwelt- und gesundheitssch&auml;dlichen Anbau der Baumwolle will nun in Bremen ein B&uuml;ndnis aus entwicklungspolitischen Gruppen sowie Umwelt- und Verbraucherorganisationen aufzeigen.<\/p>\n","protected":false},"author":3,"featured_media":0,"comment_status":"closed","ping_status":"closed","sticky":false,"template":"","format":"standard","meta":{"_seopress_robots_primary_cat":"","nova_meta_subtitle":"","footnotes":""},"categories":[5572],"tags":[],"supplier":[],"class_list":["post-5641","post","type-post","status-publish","format-standard","hentry","category-bio-based"],"_links":{"self":[{"href":"https:\/\/renewable-carbon.eu\/news\/wp-json\/wp\/v2\/posts\/5641","targetHints":{"allow":["GET"]}}],"collection":[{"href":"https:\/\/renewable-carbon.eu\/news\/wp-json\/wp\/v2\/posts"}],"about":[{"href":"https:\/\/renewable-carbon.eu\/news\/wp-json\/wp\/v2\/types\/post"}],"author":[{"embeddable":true,"href":"https:\/\/renewable-carbon.eu\/news\/wp-json\/wp\/v2\/users\/3"}],"replies":[{"embeddable":true,"href":"https:\/\/renewable-carbon.eu\/news\/wp-json\/wp\/v2\/comments?post=5641"}],"version-history":[{"count":0,"href":"https:\/\/renewable-carbon.eu\/news\/wp-json\/wp\/v2\/posts\/5641\/revisions"}],"wp:attachment":[{"href":"https:\/\/renewable-carbon.eu\/news\/wp-json\/wp\/v2\/media?parent=5641"}],"wp:term":[{"taxonomy":"category","embeddable":true,"href":"https:\/\/renewable-carbon.eu\/news\/wp-json\/wp\/v2\/categories?post=5641"},{"taxonomy":"post_tag","embeddable":true,"href":"https:\/\/renewable-carbon.eu\/news\/wp-json\/wp\/v2\/tags?post=5641"},{"taxonomy":"supplier","embeddable":true,"href":"https:\/\/renewable-carbon.eu\/news\/wp-json\/wp\/v2\/supplier?post=5641"}],"curies":[{"name":"wp","href":"https:\/\/api.w.org\/{rel}","templated":true}]}}