{"id":5638,"date":"2002-09-30T00:00:00","date_gmt":"2002-09-29T22:00:00","guid":{"rendered":"http:\/\/www.bio-based.eu\/news\/index.php?startid=20020930-03n"},"modified":"2002-09-30T00:00:00","modified_gmt":"2002-09-29T22:00:00","slug":"umweltfreundliches-parkett-raus-aus-der-nische-rein-in-den-baumarkt","status":"publish","type":"post","link":"https:\/\/renewable-carbon.eu\/news\/umweltfreundliches-parkett-raus-aus-der-nische-rein-in-den-baumarkt\/","title":{"rendered":"Umweltfreundliches Parkett &#8211; raus aus der Nische, rein in den Baumarkt"},"content":{"rendered":"<p>Es ist edel, \u00f6kologisch hochwertig und ab sofort bundesweit erh\u00e4ltlich: das <a href=\"http:\/\/www.pure-parkett.de\/\" >pure<\/a>-Fertigparkett von sanforst, das ab jetzt exklusiv in vielen Obi-Baum\u00e4rkten erh\u00e4ltlich ist. <\/p>\n<p>Weil Auswahl und Verarbeitung der Rohstoffe vorbildlich umweltfreundlich sind, darf pure-Fertigparkett zudem das Siegel &#8220;<a href=\"http:\/\/www.greenpeace.de\/lizenzen\" >empfohlen von Greenpeace<\/a>&#8221; tragen. Die H\u00f6lzer f\u00fcr pure-Parkett stammen alle aus heimischen W\u00e4ldern, die nach den Regeln des <a href=\"http:\/\/www.fsc-deutschland.de\/\" >Forest Stewardship Council<\/a> (FSC) \u00f6kologisch und nachhaltig bewirtschaftet werden. &#8220;Bei diesem Produkt&#8221;, sagt Harald Garzke von Greenpeace Media GmbH, &#8220;haben Verbraucher die Gew\u00e4hr, dass sie mit dem Kauf ihres Parketts nicht in anderen L\u00e4ndern zum Raubbau an den letzten Urw\u00e4ldern beitragen. So werden weltweit zahlreiche Arten und unersetzliche Naturr\u00e4ume gesch\u00fctzt.&#8221; <\/p>\n<p>F\u00fcr das umweltfreundliche Fertigparkett werden die Harth\u00f6lzer Buche, Eiche, Roteiche oder Esche mit ungiftigem Leim sortenrein in drei Schichten verklebt. Die Parkettdielen sind 118 Zentimeter lang und in verschiedenen Sortierungen erh\u00e4ltlich; sie eignen sich dank einfacher Verlegung hervorragend f\u00fcr Heimwerker. Die Oberfl\u00e4chen sind nicht lackiert, sondern ge\u00f6lt, &#8220;damit das Holz atmen kann&#8221;, wie Christian Br\u00fcck von sanforst erkl\u00e4rt. So kann es Luftfeuchtigkeit aufnehmen, wieder abgeben und dadurch das Raumklima regulieren. Zudem l\u00e4dt es sich nicht elektrostatisch auf. Sch\u00e4den lassen sich einfach ausbessern, indem der Kunde den Boden leicht anschleift und die Oberfl\u00e4che nach\u00f6lt. <\/p>\n<p>&#8220;Wir haben das pure-Parkett in unser Sortiment aufgenommen&#8221;, erkl\u00e4rt Stephan Botschen von Obi, &#8220;um unser Angebot f\u00fcr umwelt- und gesundheitsbewusste Kunden zu erweitern.&#8221; Harald Garzke setzt darauf, dass sich solche heimischen FSC-Produkte im Markt durchsetzen und sieht darin ein Signal an andere deutsche Waldbesitzer, ihre W\u00e4lder ebenfalls nach FSC-Kriterien zu bewirtschaften.<\/p>\n<p><b>Kontakt:<\/b><br \/>Forest Stewardship Council (FSC) <br \/>Arbeitsgruppe Deutschland e.V.<br \/>Postfach 5810<br \/>D-79026 Freiburg<br \/>Tel.: +49-(0)761-696 64-33<br \/>Fax: +49-(0)761-696 64-34 <br \/>E-Mail: <a href=\"mailto:info@fsc-deutschland.de\">info@fsc-deutschland.de<\/a><br \/>Internet: <a href=\"http:\/\/www.fsc-deutschland.de\/\" >www.fsc-deutschland.de<\/a>, <a href=\"http:\/\/www.pure-parkett.de\/\" >www.pure parkett.de<\/a> und <a href=\"http:\/\/www.greenpeace.de\/lizenzen\" >www.greenpeace.de\/lizenzen<\/a><\/p>\n","protected":false},"excerpt":{"rendered":"<p>Es ist edel, &ouml;kologisch hochwertig und ab sofort bundesweit erh&auml;ltlich: das pure-Fertigparkett von sanforst, das ab jetzt exklusiv in vielen Obi-Baum&auml;rkten erh&auml;ltlich ist. <\/p>\n","protected":false},"author":3,"featured_media":0,"comment_status":"closed","ping_status":"closed","sticky":false,"template":"","format":"standard","meta":{"_seopress_robots_primary_cat":"","nova_meta_subtitle":"","footnotes":""},"categories":[5572],"tags":[],"supplier":[],"class_list":["post-5638","post","type-post","status-publish","format-standard","hentry","category-bio-based"],"_links":{"self":[{"href":"https:\/\/renewable-carbon.eu\/news\/wp-json\/wp\/v2\/posts\/5638","targetHints":{"allow":["GET"]}}],"collection":[{"href":"https:\/\/renewable-carbon.eu\/news\/wp-json\/wp\/v2\/posts"}],"about":[{"href":"https:\/\/renewable-carbon.eu\/news\/wp-json\/wp\/v2\/types\/post"}],"author":[{"embeddable":true,"href":"https:\/\/renewable-carbon.eu\/news\/wp-json\/wp\/v2\/users\/3"}],"replies":[{"embeddable":true,"href":"https:\/\/renewable-carbon.eu\/news\/wp-json\/wp\/v2\/comments?post=5638"}],"version-history":[{"count":0,"href":"https:\/\/renewable-carbon.eu\/news\/wp-json\/wp\/v2\/posts\/5638\/revisions"}],"wp:attachment":[{"href":"https:\/\/renewable-carbon.eu\/news\/wp-json\/wp\/v2\/media?parent=5638"}],"wp:term":[{"taxonomy":"category","embeddable":true,"href":"https:\/\/renewable-carbon.eu\/news\/wp-json\/wp\/v2\/categories?post=5638"},{"taxonomy":"post_tag","embeddable":true,"href":"https:\/\/renewable-carbon.eu\/news\/wp-json\/wp\/v2\/tags?post=5638"},{"taxonomy":"supplier","embeddable":true,"href":"https:\/\/renewable-carbon.eu\/news\/wp-json\/wp\/v2\/supplier?post=5638"}],"curies":[{"name":"wp","href":"https:\/\/api.w.org\/{rel}","templated":true}]}}