{"id":5618,"date":"2002-10-11T00:00:00","date_gmt":"2002-10-10T22:00:00","guid":{"rendered":"http:\/\/www.bio-based.eu\/news\/index.php?startid=20021011-06n"},"modified":"2002-10-11T00:00:00","modified_gmt":"2002-10-10T22:00:00","slug":"eurotier-2002-mit-fuetterungsempfehlungen-zu-heimischen-oel-und-proteinpflanzen","status":"publish","type":"post","link":"https:\/\/renewable-carbon.eu\/news\/eurotier-2002-mit-fuetterungsempfehlungen-zu-heimischen-oel-und-proteinpflanzen\/","title":{"rendered":"EuroTier 2002 mit F\u00fctterungsempfehlungen zu heimischen \u00d6l- und Proteinpflanzen"},"content":{"rendered":"<p>Die <a href=\"http:\/\/www.ufop.de\/\" >Union zur F\u00f6rderung von Oel- und Proteinpflanzen e.V.<\/a> (UFOP) wird anl\u00e4sslich der diesj\u00e4hrigen EuroTier vom 12. bis 15. November in Hannover umfangreiche F\u00fctterungsempfehlungen zu heimischen \u00d6lsaaten und K\u00f6rnerleguminosen pr\u00e4sentieren.<\/p>\n<p>Im Mittelpunkt der von der UFOP bereits langj\u00e4hrig intensiv betriebenen Messeaktivit\u00e4ten stehen neben der Absatzf\u00f6rderung auch anbaubezogene Informationen. Dar\u00fcber hinaus wird es in Hannover einen Messestand geben, bei dem neben der Darstellung von Biodiesel und naturbelassenem Pflanzen\u00f6l als Energietr\u00e4ger sowie Rapsspeise\u00f6l als gesunder Bestandteil der t\u00e4glichen Ern\u00e4hrung ein separater Ausstellungsbestandteil zum Anbau und zur Verf\u00fctterung von Raps, Futtererbsen, Ackerbohnen und Lupinenarten vorgestellt wird. <\/p>\n<p>Neben der pers\u00f6nlichen Beratung am Stand der UFOP in Halle 23, Stand K 14 durch F\u00fctterungsreferenten der L\u00e4nderdienststellen stehen umfangreiche Publikationen zu diesem Thema bereit. Sowohl die in den &#8220;UFOP-Schriften&#8221; publizierten Versuchsberichte als auch die kompakten &#8220;Praxis-Informationen&#8221; liefern einen wertvollen Beitrag, die Vorteile in der Erzeugung und Verf\u00fctterung heimischer \u00d6l- und Proteinpflanzen besser bekannt zu machen.<\/p>\n<p>UFOP e.V. <br \/>Godesberger Allee 142 &#8211; 148 <br \/>53175 Bonn <br \/>Fax: 0228-8198-203. <br \/>E-Mail: <a href=\"mailto:ufop@bauernverband.net\">ufop@bauernverband.net<\/a> <\/p>\n<p>(Vgl. Meldung vom <a href=\"https:\/\/renewable-carbon.eu\/news\/neue-ufop-praxisinformation-inhaltsstoffe-futterwert-und-einsatz-von-erbsen-in-der-nutztierfuetterung\/\" >2002-09-26<\/a>.)<\/p>\n","protected":false},"excerpt":{"rendered":"<p>Die Union zur F&ouml;rderung von Oel- und Proteinpflanzen e.V. (UFOP) wird anl&auml;sslich der diesj&auml;hrigen EuroTier vom 12. bis 15. November in Hannover umfangreiche F&uuml;tterungsempfehlungen zu<\/p>\n","protected":false},"author":3,"featured_media":0,"comment_status":"closed","ping_status":"closed","sticky":false,"template":"","format":"standard","meta":{"_seopress_robots_primary_cat":"","nova_meta_subtitle":"","footnotes":""},"categories":[5572],"tags":[],"supplier":[],"class_list":["post-5618","post","type-post","status-publish","format-standard","hentry","category-bio-based"],"_links":{"self":[{"href":"https:\/\/renewable-carbon.eu\/news\/wp-json\/wp\/v2\/posts\/5618","targetHints":{"allow":["GET"]}}],"collection":[{"href":"https:\/\/renewable-carbon.eu\/news\/wp-json\/wp\/v2\/posts"}],"about":[{"href":"https:\/\/renewable-carbon.eu\/news\/wp-json\/wp\/v2\/types\/post"}],"author":[{"embeddable":true,"href":"https:\/\/renewable-carbon.eu\/news\/wp-json\/wp\/v2\/users\/3"}],"replies":[{"embeddable":true,"href":"https:\/\/renewable-carbon.eu\/news\/wp-json\/wp\/v2\/comments?post=5618"}],"version-history":[{"count":0,"href":"https:\/\/renewable-carbon.eu\/news\/wp-json\/wp\/v2\/posts\/5618\/revisions"}],"wp:attachment":[{"href":"https:\/\/renewable-carbon.eu\/news\/wp-json\/wp\/v2\/media?parent=5618"}],"wp:term":[{"taxonomy":"category","embeddable":true,"href":"https:\/\/renewable-carbon.eu\/news\/wp-json\/wp\/v2\/categories?post=5618"},{"taxonomy":"post_tag","embeddable":true,"href":"https:\/\/renewable-carbon.eu\/news\/wp-json\/wp\/v2\/tags?post=5618"},{"taxonomy":"supplier","embeddable":true,"href":"https:\/\/renewable-carbon.eu\/news\/wp-json\/wp\/v2\/supplier?post=5618"}],"curies":[{"name":"wp","href":"https:\/\/api.w.org\/{rel}","templated":true}]}}