{"id":5602,"date":"2002-07-03T00:00:00","date_gmt":"2002-07-02T22:00:00","guid":{"rendered":"http:\/\/www.bio-based.eu\/news\/index.php?startid=20020703-04n"},"modified":"2002-07-03T00:00:00","modified_gmt":"2002-07-02T22:00:00","slug":"10-jahre-c-a-r-m-e-n-eine-dynamische-dekade","status":"publish","type":"post","link":"https:\/\/renewable-carbon.eu\/news\/10-jahre-c-a-r-m-e-n-eine-dynamische-dekade\/","title":{"rendered":"10 Jahre C.A.R.M.E.N. &#8211; eine dynamische Dekade"},"content":{"rendered":"<p>In W\u00fcrzburg, der Geburtsstadt des Centralen Agrar- Rohstoff- Marketing- und Entwicklungsnetzwerkes &#8211; C.A.R.M.E.N. e.V. &#8211; werden mit Landwirtschaftsminister Miller am Samstag, dem 6. Juli, etwa 140 Ehreng\u00e4ste, ehemalige und derzeitige Mitglieder und Mitarbeiter, zu einem Festakt im Gartensaal der W\u00fcrzburger Residenz erwartet. <\/p>\n<p>Bayern hat als erstes Bundesland zu Beginn der 90er Jahre die Bedeutung der Biomasse f\u00fcr Industrie, Landwirtschaft und Ressourcenschutz erkannt. Auf Initiative des Bayerischen Staatsministeriums f\u00fcr Landwirtschaft und Forsten wurde C.A.R.M.E.N. 1992 als Bayerische Koordinierungsstelle f\u00fcr Nachwachsende Rohstoffe ins Leben gerufen. C.A.R.M.E.N. f\u00f6rdert &#8211; inzwischen im 10. Jahr &#8211; sowohl die energetische, als auch die stoffliche Nutzung von Biomasse, also die Gewinnung von W\u00e4rme und Elektrizit\u00e4t ebenso wie die Herstellung von unterschiedlichen Biomasse-Produkten. <\/p>\n<p>Josef Miller, Bayerns Staatsminister f\u00fcr Landwirtschaft und Forsten, wird den feierlichen Staatsakt zum 10-j\u00e4hrigen Jubil\u00e4um mit einem Festvortrag er\u00f6ffnen. Anschlie\u00dfend wird er die Pers\u00f6nlichkeiten ehren, die sich um den Verein verdient gemacht haben. Der Ernst-Pelz-Preis 2001 und der F\u00f6rderpreis Nachwachsende Rohstoffe 2001 werden durch Landwirtschaftsminister Miller in diesem Jahr ebenfalls w\u00e4hrend der Feierlichkeiten in W\u00fcrzburg, und nicht wie in den letzten beiden Jahren auf dem Forum in Straubing, verliehen. <\/p>\n<p>Beide Preise sind mit je 10.000 EUR dotiert und werden seit 1992 allj\u00e4hrlich durch den Landwirtschaftsminister vergeben. Mit der Preisvergabe soll die weitere Entwicklung von Biomasse-Produkten gef\u00f6rdert und die \u00d6ffentlichkeit f\u00fcr Nachwachsende Rohstoffe sensibilisiert werden. <\/p>\n<p>Der Ernst-Pelz-Preis wurde von Peter Pelz zur Erinnerung an seinen Vater gestiftet. Der Preis ehrt nach der Satzung &#8220;Pers\u00f6nlichkeiten, die sich durch Inkaufnahme wirtschaftlicher Risiken oder durch \u00fcberragendes pers\u00f6nliches Engagement bei der F\u00f6rderung heimischer nachwachsender Rohstoffe hervortaten und sich freiheitlich-humanen Grundwerten verpflichtet f\u00fchlen.&#8221; Der F\u00f6rderpreis Nachwachsende Rohstoffe des Bayerischen Staatsministeriums wurde geschaffen, um wegweisende Produkte oder Produktgruppen hervorzuheben und wird Unternehmen oder Personen verliehen, die sich um Innovationen verdient gemacht haben. <\/p>\n<p>Am 8. und 9. Juli findet das C.A.R.M.E.N.-Symposium unter dem Motto &#8220;Rohstoffe &#8211; regenerativ und rentabel&#8221; auf der Festung Marienberg in W\u00fcrzburg statt. Zum 10. Mal l\u00e4dt der C.A.R.M.E.N. e.V. zu seiner Veranstaltung ein, die inzwischen einen festen Platz im Jahreskalender all derer hat, die sich mit Nachwachsenden Rohstoffen besch\u00e4ftigen. Rund 200 Wirtschaftsvertreter, Wissenschaftler, Politiker, Beh\u00f6rdenvertreter und fachlich Interessierte werden erwartet. <\/p>\n<p>Programm und weitere Infos: C.A.R.M.E.N.,<br \/>Schulgasse 18,<br \/>Tel.: 09421-960 300 oder im Internet unter<br \/><a href=\"http:\/\/www.carmen-ev.de\/\" >http:\/\/www.carmen-ev.de<\/a> <\/p>\n<p>(Vgl. Veranstaltungshinweis vom <a href=\"https:\/\/renewable-carbon.eu\/news\/\/\" >2002-07-08<\/a>.)<\/p>\n","protected":false},"excerpt":{"rendered":"<p>In W&uuml;rzburg, der Geburtsstadt des Centralen Agrar- Rohstoff- Marketing- und Entwicklungsnetzwerkes &#8211; C.A.R.M.E.N. e.V. &#8211; werden mit Landwirtschaftsminister Miller am Samstag, dem 6. Juli, etwa<\/p>\n","protected":false},"author":3,"featured_media":0,"comment_status":"closed","ping_status":"closed","sticky":false,"template":"","format":"standard","meta":{"_seopress_robots_primary_cat":"","nova_meta_subtitle":"","footnotes":""},"categories":[5572],"tags":[],"supplier":[],"class_list":["post-5602","post","type-post","status-publish","format-standard","hentry","category-bio-based"],"_links":{"self":[{"href":"https:\/\/renewable-carbon.eu\/news\/wp-json\/wp\/v2\/posts\/5602","targetHints":{"allow":["GET"]}}],"collection":[{"href":"https:\/\/renewable-carbon.eu\/news\/wp-json\/wp\/v2\/posts"}],"about":[{"href":"https:\/\/renewable-carbon.eu\/news\/wp-json\/wp\/v2\/types\/post"}],"author":[{"embeddable":true,"href":"https:\/\/renewable-carbon.eu\/news\/wp-json\/wp\/v2\/users\/3"}],"replies":[{"embeddable":true,"href":"https:\/\/renewable-carbon.eu\/news\/wp-json\/wp\/v2\/comments?post=5602"}],"version-history":[{"count":0,"href":"https:\/\/renewable-carbon.eu\/news\/wp-json\/wp\/v2\/posts\/5602\/revisions"}],"wp:attachment":[{"href":"https:\/\/renewable-carbon.eu\/news\/wp-json\/wp\/v2\/media?parent=5602"}],"wp:term":[{"taxonomy":"category","embeddable":true,"href":"https:\/\/renewable-carbon.eu\/news\/wp-json\/wp\/v2\/categories?post=5602"},{"taxonomy":"post_tag","embeddable":true,"href":"https:\/\/renewable-carbon.eu\/news\/wp-json\/wp\/v2\/tags?post=5602"},{"taxonomy":"supplier","embeddable":true,"href":"https:\/\/renewable-carbon.eu\/news\/wp-json\/wp\/v2\/supplier?post=5602"}],"curies":[{"name":"wp","href":"https:\/\/api.w.org\/{rel}","templated":true}]}}