{"id":5588,"date":"2002-07-08T00:00:00","date_gmt":"2002-07-07T22:00:00","guid":{"rendered":"http:\/\/www.bio-based.eu\/news\/index.php?startid=20020708-04n"},"modified":"2002-07-08T00:00:00","modified_gmt":"2002-07-07T22:00:00","slug":"produktion-und-design-von-qualitativ-hochwertigen-hanffasern-mittels-biotechnischer-verfahren","status":"publish","type":"post","link":"https:\/\/renewable-carbon.eu\/news\/produktion-und-design-von-qualitativ-hochwertigen-hanffasern-mittels-biotechnischer-verfahren\/","title":{"rendered":"Produktion und Design von qualitativ hochwertigen Hanffasern mittels biotechnischer Verfahren"},"content":{"rendered":"<p>Im <a href=\"http:\/\/www.faserinstitut.de\/\" >Faserinstitut Bremen<\/a> (FIBRE) wurde ein AiF-Projekt \u201eProduktion und Design von qualitativ hochwertigen Hanffasern mittels biotechnischer Verfahren\u201c abgeschlossen. Im folgenden geben wir mit freundlicher Genehmigung des Faserinstitutes Bremen den kompletten Text der Zusammenfassung wieder: <\/p>\n<p>In dieser Arbeit wurde gezeigt, dass mechanisch aufgel\u00f6ste Hanffasern enzymatisch weiter aufgeschlossen werden k\u00f6nnen, um sie danach in der Spinnererei einzusetzen.<br \/>Zur Orientierung, welche Qualit\u00e4ten mit dem enzymatischen Aufschluss erreicht werden sollten, wurden verschiedene auf dem Markt erh\u00e4ltliche Proben beschafft und analysiert: (a) chemisch aufgeschlossene Hanffaserb\u00fcndel aus China, die bereits im Bereich der Bekleidungstextilien eingesetzt werden, sowie (b) enzymatisch bearbeitete Hanfproben aus franz\u00f6sischer und niederl\u00e4ndischer Herkunft.<\/p>\n<p>Es wurden ein Verfahrensweg f\u00fcr einen enzymatischen Aufschluss im Industriema\u00dfstab sowie eine kleine Laboranlage (\u201eKardomat&#8221;) zum enzymatischen Aufschluss von Hanfkardenband entwickelt. F\u00fcr den enzymatischen Aufschluss wurden verschiedene Enzympr\u00e4parate und Hilfsmittel getestet. Die gewonnenen Hanffaserb\u00fcndel wurden hinsichtlich ihrer Feinheit und Festigkeit untersucht. Hierbei wurde zur Bestimmung der Faserb\u00fcndelbreite das OFDA als bildanalytisches Messverfahren eingesetzt. Zur Ermittlung m\u00f6glicher Sch\u00e4digungen der Fasern durch den Aufschluss kam die Kollektivfestigkeitsmessung mittels Stelometer zum Einsatz. <\/p>\n<p>Es zeigte sich, dass nur wenige Pektinasen f\u00fcr einen Hanffaseraufschluss geeignet sind, da beim Einsatz anderer Pr\u00e4parate eine erhebliche Sch\u00e4digung der Fasern eintrat. Es wurden Bedingungen gefunden, bei denen durch enzymatischen Aufschluss feine und feste Faserb\u00fcndel gewonnen werden k\u00f6nnen. Die besten Ergebnisse wurden mit einer Pektatlyase bei einer Wassertemperatur von 40\u00b0 &#8211; 60\u00b0C, einem pH-Wert von ca. 9 und einem Flottenverh\u00e4ltnis von 1:15 erzielt.<\/p>\n<p>Insgesamt konnte gezeigt werden, dass der Einsatz von Enzymen zum Aufschluss von Hanffaserb\u00fcndeln geeignet ist. Eine parallel durchgef\u00fchrte Bewertung der Wirtschaftlichkeit des Verfahrens ergab aktuelle Herstellungskosten (Vollkostenkalkulation ohne Gewinnber\u00fccksichtigung) von \u20ac 3,39 pro kg f\u00fcr so erzeugte Hanfkardenb\u00e4nder. Bei Anwendung im gr\u00f6\u00dferen Ma\u00dfstab und Optimierung des Verfahrens sind hier aber noch deutliche Einsparpotenziale zu realisieren. Damit steht zuk\u00fcnftig eine interessante Alternative zu den umweltbelastenden chemischen Aufschl\u00fcssen zur Verf\u00fcgung.<\/p>\n<p>Wir danken dem Forschungskuratorium Textil e.V. in Eschborn f\u00fcr die finanzielle F\u00f6rderung dieser Forschungsarbeit, die aus Mitteln des <a href=\"http:\/\/www.bmwi.de\/\" >Bundesministeriums f\u00fcr Wirtschaft und Technologie<\/a>  (BmWi) \u00fcber die <a href=\"http:\/\/www.aif.de\/\" >Arbeitsgemeinschaft industrieller Forschungsvereinigungen<\/a> \u201eOtto-von-Guericke\u201c (AiF) erfolgte (AiF\/Fk Textil e.V. Forschungsvorhaben 12436N). Der komplette Abschlussbericht ist als Band 35 der \u201eForschungsberichte aus dem Faserinstitut Bremen\u201c ver\u00f6ffentlicht worden und kann auch direkt bezogen werden beim<\/p>\n<p>Faserinstitut Bremen<br \/>Postfach 105807<br \/>D-28058 Bremen.<\/p>\n<p>(Vgl. Meldungen vom <a href=\"https:\/\/renewable-carbon.eu\/news\/bremer-projekt-zur-umweltschonenden-produktion-wird-gefoerdert\/\" >2001-07-18<\/a>, <a href=\"https:\/\/renewable-carbon.eu\/news\/biologische-gewinnung-von-hanffasern-fuer-technische-bereiche-nun-moeglich\/\" >2001-08-29<\/a> und <a href=\"https:\/\/renewable-carbon.eu\/news\/nova-symposiumsbericht-biotechnologische-verfahren-zur-verbesserung-der-faserqualitaet-von-hanf\/\" >2002-04-24<\/a>.)<\/p>\n","protected":false},"excerpt":{"rendered":"<p>Im Faserinstitut Bremen (FIBRE) wurde ein AiF-Projekt &bdquo;Produktion und Design von qualitativ hochwertigen Hanffasern mittels biotechnischer Verfahren&ldquo; abgeschlossen. Im folgenden geben wir mit freundlicher Genehmigung<\/p>\n","protected":false},"author":3,"featured_media":0,"comment_status":"closed","ping_status":"closed","sticky":false,"template":"","format":"standard","meta":{"_seopress_robots_primary_cat":"","nova_meta_subtitle":"","footnotes":""},"categories":[5572],"tags":[],"supplier":[],"class_list":["post-5588","post","type-post","status-publish","format-standard","hentry","category-bio-based"],"_links":{"self":[{"href":"https:\/\/renewable-carbon.eu\/news\/wp-json\/wp\/v2\/posts\/5588","targetHints":{"allow":["GET"]}}],"collection":[{"href":"https:\/\/renewable-carbon.eu\/news\/wp-json\/wp\/v2\/posts"}],"about":[{"href":"https:\/\/renewable-carbon.eu\/news\/wp-json\/wp\/v2\/types\/post"}],"author":[{"embeddable":true,"href":"https:\/\/renewable-carbon.eu\/news\/wp-json\/wp\/v2\/users\/3"}],"replies":[{"embeddable":true,"href":"https:\/\/renewable-carbon.eu\/news\/wp-json\/wp\/v2\/comments?post=5588"}],"version-history":[{"count":0,"href":"https:\/\/renewable-carbon.eu\/news\/wp-json\/wp\/v2\/posts\/5588\/revisions"}],"wp:attachment":[{"href":"https:\/\/renewable-carbon.eu\/news\/wp-json\/wp\/v2\/media?parent=5588"}],"wp:term":[{"taxonomy":"category","embeddable":true,"href":"https:\/\/renewable-carbon.eu\/news\/wp-json\/wp\/v2\/categories?post=5588"},{"taxonomy":"post_tag","embeddable":true,"href":"https:\/\/renewable-carbon.eu\/news\/wp-json\/wp\/v2\/tags?post=5588"},{"taxonomy":"supplier","embeddable":true,"href":"https:\/\/renewable-carbon.eu\/news\/wp-json\/wp\/v2\/supplier?post=5588"}],"curies":[{"name":"wp","href":"https:\/\/api.w.org\/{rel}","templated":true}]}}