{"id":5546,"date":"2002-08-12T00:00:00","date_gmt":"2002-08-11T22:00:00","guid":{"rendered":"http:\/\/www.bio-based.eu\/news\/index.php?startid=20020812-03n"},"modified":"2002-08-12T00:00:00","modified_gmt":"2002-08-11T22:00:00","slug":"niedersachsen-will-bioenergie-verbrauch-von-07-auf-acht-prozent-steigern","status":"publish","type":"post","link":"https:\/\/renewable-carbon.eu\/news\/niedersachsen-will-bioenergie-verbrauch-von-07-auf-acht-prozent-steigern\/","title":{"rendered":"Niedersachsen will Bioenergie-Verbrauch von 0,7 auf acht Prozent steigern"},"content":{"rendered":"<p>Umweltminister Wolfgang J\u00fcttner und Landwirtschaftsminister Uwe Bartels stellten vergangene Woche in Verden die &#8220;Bioenergie-Offensive Niedersachsen&#8221; vor: Die beiden Minister planen, bis 2010 den Bio-Anteil am Energieverbrauch von 0,7 auf runde acht Prozent zu steigern. Nach dem &#8220;Boom der Windenergie in Niedersachsen&#8221; soll der Rohstoff aber nun statt aus der Luft aus den St\u00e4llen und von den Feldern kommen und den von Lebensmittelskandalen gebeutelten Bauern neue Einkommensquellen erschlie\u00dfen. 2,5 Mio. EUR l\u00e4sst sich dies das Landwirtschaftsministerium k\u00fcnftig j\u00e4hrlich kosten &#8211; weitere 2 Mio. als g\u00fcnstiges Darlehen steuert das Umweltministerium bei.<\/p>\n<p>Mit bereits 80 Holzheizkraftwerken und knapp 200 Biogasanlagen liegt Niedersachsen in Puncto Bioenergie schon weit im Trend &#8211; ganz vom ohnehin wachsenden Biodiesel-Markt abgesehen. &#8220;Bis 2050 haben wir zur H\u00e4lfte regenerative Energien&#8221;, prognostiziert J\u00fcttner optimistisch. Uwe Bartels kann sich auch vorstellen, dass auf Niedersachsens Feldern k\u00fcnftig mehr Pflanzen stehen, die nicht zu Lebensmitteln oder Futter werden, sondern allein der Energiegewinnung dienen, wobei er hofft, dass EU-Agrarkommissar Franz Fischler noch ein Einsehen hinsichtlich der Einstellung der Stilllegungspr\u00e4mien zeigt, die zur Zeit noch trotz Anbau der Fl\u00e4chen mit Energiepflanzen ausgezahlt werden. Aber auch Br\u00fcssel will den Anteil regenerativer Energien steigern &#8211; auf zw\u00f6lf Prozent bis 2010 \u2013 zwei Drittel davon sollen aus Biomasse stammen.<\/p>\n<p>(Vgl. Meldungen vom <a href=\"https:\/\/renewable-carbon.eu\/news\/biomasse-foerderung-laesst-anlagenbau-im-norden-boomen\/\" >2002-05-31<\/a>, <a href=\"https:\/\/renewable-carbon.eu\/news\/biomasse-groesster-beitrag-zur-energiewende\/\" >2002-07-02<\/a>, <a href=\"https:\/\/renewable-carbon.eu\/news\/biomasse-nutzung-in-nrw\/\" >2002-06-23<\/a>, <a href=\"https:\/\/renewable-carbon.eu\/news\/knast-landwirte-sollen-energiewirte-werden-knnen\/\" >2002-03-23<\/a> und <a href=\"https:\/\/renewable-carbon.eu\/news\/wer-raps-saeht-wird-energie-ernten-der-energielandwirt-ist-keine-zukunftsvision\/\" >2002-01-17<\/a>.)<\/p>\n","protected":false},"excerpt":{"rendered":"<p>Umweltminister Wolfgang J&uuml;ttner und Landwirtschaftsminister Uwe Bartels stellten vergangene Woche in Verden die &#8220;Bioenergie-Offensive Niedersachsen&#8221; vor: Die beiden Minister planen, bis 2010 den Bio-Anteil am<\/p>\n","protected":false},"author":3,"featured_media":0,"comment_status":"closed","ping_status":"closed","sticky":false,"template":"","format":"standard","meta":{"_seopress_robots_primary_cat":"","nova_meta_subtitle":"","footnotes":""},"categories":[5572],"tags":[],"supplier":[],"class_list":["post-5546","post","type-post","status-publish","format-standard","hentry","category-bio-based"],"_links":{"self":[{"href":"https:\/\/renewable-carbon.eu\/news\/wp-json\/wp\/v2\/posts\/5546","targetHints":{"allow":["GET"]}}],"collection":[{"href":"https:\/\/renewable-carbon.eu\/news\/wp-json\/wp\/v2\/posts"}],"about":[{"href":"https:\/\/renewable-carbon.eu\/news\/wp-json\/wp\/v2\/types\/post"}],"author":[{"embeddable":true,"href":"https:\/\/renewable-carbon.eu\/news\/wp-json\/wp\/v2\/users\/3"}],"replies":[{"embeddable":true,"href":"https:\/\/renewable-carbon.eu\/news\/wp-json\/wp\/v2\/comments?post=5546"}],"version-history":[{"count":0,"href":"https:\/\/renewable-carbon.eu\/news\/wp-json\/wp\/v2\/posts\/5546\/revisions"}],"wp:attachment":[{"href":"https:\/\/renewable-carbon.eu\/news\/wp-json\/wp\/v2\/media?parent=5546"}],"wp:term":[{"taxonomy":"category","embeddable":true,"href":"https:\/\/renewable-carbon.eu\/news\/wp-json\/wp\/v2\/categories?post=5546"},{"taxonomy":"post_tag","embeddable":true,"href":"https:\/\/renewable-carbon.eu\/news\/wp-json\/wp\/v2\/tags?post=5546"},{"taxonomy":"supplier","embeddable":true,"href":"https:\/\/renewable-carbon.eu\/news\/wp-json\/wp\/v2\/supplier?post=5546"}],"curies":[{"name":"wp","href":"https:\/\/api.w.org\/{rel}","templated":true}]}}