{"id":5545,"date":"2002-08-12T00:00:00","date_gmt":"2002-08-11T22:00:00","guid":{"rendered":"http:\/\/www.bio-based.eu\/news\/index.php?startid=20020812-05n"},"modified":"2002-08-12T00:00:00","modified_gmt":"2002-08-11T22:00:00","slug":"5-holzmesse-nagold-rottenburg-verleihung-des-holzkreativpreises-2002","status":"publish","type":"post","link":"https:\/\/renewable-carbon.eu\/news\/5-holzmesse-nagold-rottenburg-verleihung-des-holzkreativpreises-2002\/","title":{"rendered":"5. Holzmesse Nagold &amp; Rottenburg &#8211; Verleihung des Holzkreativpreises 2002"},"content":{"rendered":"<p>Viel Holz bot die gemeinsam von Rottenburg und Nagold ausgerichtete Holzmesse auch in ihrem f\u00fcnften Jahr vom 11.-14. Juli. Rund 100 Aussteller und 30 Fachvortr\u00e4ge mit Schwerpunktthemen zu dem vielseitigen Rohstoff sowie ein \u201eGr\u00fcner Pfad\u201c, der \u201eWissenswertes \u00fcber Holz und Wald\u201c pr\u00e4sentierte, lie\u00dfen keine W\u00fcnsche offen. Ob T\u00fcren, Fenster, Heizungen oder ganze H\u00e4user, ob Verarbeitungstechnologien oder schlichtweg k\u00fcnstlerische Darstellungen &#8211; das Material Holz bewies sich in nahezu unbegrenzter Gestaltungsm\u00f6glichkeit.<\/p>\n<p>Rose K\u00f6pf-Schuler, die Vizepr\u00e4sidentin des Landesgewerbeamts Baden-W\u00fcrttemberg, das  mittelst\u00e4ndische Betriebe z.B. \u00fcber Fortbildungsangebote f\u00f6rdert, lobte die in Baden-W\u00fcrttemberg einmalige Kooperation der beiden St\u00e4dte. Holz sei der wichtigste heimische, nachwachsende Rohstoff in Baden-W\u00fcrttemberg, der in ausreichendem Ma\u00df zur Verf\u00fcgung stehe, weil ihn die Forstwirtschaft seit mehr als 200 Jahren nachhaltig produziere, so ihr Kommentar. Die Natur habe ein perfektes Material entstehen lassen, sagte Nagolds Oberb\u00fcrgermeister Rainer Prewo, \u201edas wir mit unseren technischen M\u00f6glichkeiten wieder neu entdecken\u201c. Seine Nutzung sei der Garant f\u00fcr den Fortbestand des Waldes.<\/p>\n<p>Erstmalig auf dieser Holzmesse lobte der <a href=\"http:\/\/www.bund.net\/\" >Bund f\u00fcr Umwelt und Naturschutz<\/a> (BUND) einen Preis f\u00fcr die beste Innovation aus Holz aus. Den diesj\u00e4hrigen Holzkreativpreis erhielt eine Entwicklung des Raumkonzept- und M\u00f6bel-Designers <a href=\"http:\/\/www.shastri.de\/\" >Tilmann Shastri<\/a> aus G\u00f6ttingen, wobei sich auch das Votum der Besucher auswirkte.<\/p>\n<p>(Vgl. Meldung vom <a href=\"https:\/\/renewable-carbon.eu\/news\/holzkreativpreis-2002\/\" >2002-05-19<\/a>.)<\/p>\n","protected":false},"excerpt":{"rendered":"<p>Viel Holz bot die gemeinsam von Rottenburg und Nagold ausgerichtete Holzmesse auch in ihrem f&uuml;nften Jahr vom 11.-14. Juli. Rund 100 Aussteller und 30 Fachvortr&auml;ge<\/p>\n","protected":false},"author":3,"featured_media":0,"comment_status":"closed","ping_status":"closed","sticky":false,"template":"","format":"standard","meta":{"_seopress_robots_primary_cat":"","nova_meta_subtitle":"","footnotes":""},"categories":[5572],"tags":[],"supplier":[],"class_list":["post-5545","post","type-post","status-publish","format-standard","hentry","category-bio-based"],"_links":{"self":[{"href":"https:\/\/renewable-carbon.eu\/news\/wp-json\/wp\/v2\/posts\/5545","targetHints":{"allow":["GET"]}}],"collection":[{"href":"https:\/\/renewable-carbon.eu\/news\/wp-json\/wp\/v2\/posts"}],"about":[{"href":"https:\/\/renewable-carbon.eu\/news\/wp-json\/wp\/v2\/types\/post"}],"author":[{"embeddable":true,"href":"https:\/\/renewable-carbon.eu\/news\/wp-json\/wp\/v2\/users\/3"}],"replies":[{"embeddable":true,"href":"https:\/\/renewable-carbon.eu\/news\/wp-json\/wp\/v2\/comments?post=5545"}],"version-history":[{"count":0,"href":"https:\/\/renewable-carbon.eu\/news\/wp-json\/wp\/v2\/posts\/5545\/revisions"}],"wp:attachment":[{"href":"https:\/\/renewable-carbon.eu\/news\/wp-json\/wp\/v2\/media?parent=5545"}],"wp:term":[{"taxonomy":"category","embeddable":true,"href":"https:\/\/renewable-carbon.eu\/news\/wp-json\/wp\/v2\/categories?post=5545"},{"taxonomy":"post_tag","embeddable":true,"href":"https:\/\/renewable-carbon.eu\/news\/wp-json\/wp\/v2\/tags?post=5545"},{"taxonomy":"supplier","embeddable":true,"href":"https:\/\/renewable-carbon.eu\/news\/wp-json\/wp\/v2\/supplier?post=5545"}],"curies":[{"name":"wp","href":"https:\/\/api.w.org\/{rel}","templated":true}]}}