{"id":5544,"date":"2002-08-12T00:00:00","date_gmt":"2002-08-11T22:00:00","guid":{"rendered":"http:\/\/www.bio-based.eu\/news\/index.php?startid=20020812-07n"},"modified":"2002-08-12T00:00:00","modified_gmt":"2002-08-11T22:00:00","slug":"tagungsband-innovationen-bei-der-dezentralen-nutzung-von-biogas-und-holzgas","status":"publish","type":"post","link":"https:\/\/renewable-carbon.eu\/news\/tagungsband-innovationen-bei-der-dezentralen-nutzung-von-biogas-und-holzgas\/","title":{"rendered":"Tagungsband \u201eInnovationen bei der dezentralen Nutzung von Biogas und Holzgas\u201c"},"content":{"rendered":"<p>Die <a href=\"http:\/\/www.biogas-zentrum.de\/\" >IBBK Fachgruppe Biogas<\/a> (Weckelweiler) veranstaltete am Samstag, den 22. Juni 2002, in Augsburg im Rahmen der Messe \u201eBayern Regenerativ\u201c, die Fachtagung mit dem Thema: \u201eInnovationen bei der dezentralen Nutzung von Biogas und Holzgas\u201c.<\/p>\n<p>Die erfolgreiche Tagung l\u00e4sst sich nun in Form des von der IBBK herausgegebenen Tagungsbandes nachvollziehen. Er beinhaltet in gebundener Form s\u00e4mtliche Referate und kann zum Preis von 25 EUR (incl. MwSt., zuz\u00fcgl. Versand) dort erworben werden.<\/p>\n<p>Fachgruppe Biogas Weckelweiler<br \/>Heimstra\u00dfe 1<br \/>74592 Kirchberg \/ Jagst Weckelweiler<br \/>Tel.: 07954-92 62 03; <br \/>Fax: 07954-92 62 04 <br \/>E-Mail: <a href=\"mailto:info@biogas-zentrum.de\">info@biogas-zentrum.de<\/a> <br \/>Internet: <a href=\"http:\/\/www.biogas-zentrum.de\/\" >www.biogas-zentrum.de<\/a><\/p>\n","protected":false},"excerpt":{"rendered":"<p>Die IBBK Fachgruppe Biogas (Weckelweiler) veranstaltete am Samstag, den 22. Juni 2002, in Augsburg im Rahmen der Messe &bdquo;Bayern Regenerativ&ldquo;, die Fachtagung mit dem Thema:<\/p>\n","protected":false},"author":3,"featured_media":0,"comment_status":"closed","ping_status":"closed","sticky":false,"template":"","format":"standard","meta":{"_seopress_robots_primary_cat":"","nova_meta_subtitle":"","footnotes":""},"categories":[5572],"tags":[],"supplier":[],"class_list":["post-5544","post","type-post","status-publish","format-standard","hentry","category-bio-based"],"_links":{"self":[{"href":"https:\/\/renewable-carbon.eu\/news\/wp-json\/wp\/v2\/posts\/5544","targetHints":{"allow":["GET"]}}],"collection":[{"href":"https:\/\/renewable-carbon.eu\/news\/wp-json\/wp\/v2\/posts"}],"about":[{"href":"https:\/\/renewable-carbon.eu\/news\/wp-json\/wp\/v2\/types\/post"}],"author":[{"embeddable":true,"href":"https:\/\/renewable-carbon.eu\/news\/wp-json\/wp\/v2\/users\/3"}],"replies":[{"embeddable":true,"href":"https:\/\/renewable-carbon.eu\/news\/wp-json\/wp\/v2\/comments?post=5544"}],"version-history":[{"count":0,"href":"https:\/\/renewable-carbon.eu\/news\/wp-json\/wp\/v2\/posts\/5544\/revisions"}],"wp:attachment":[{"href":"https:\/\/renewable-carbon.eu\/news\/wp-json\/wp\/v2\/media?parent=5544"}],"wp:term":[{"taxonomy":"category","embeddable":true,"href":"https:\/\/renewable-carbon.eu\/news\/wp-json\/wp\/v2\/categories?post=5544"},{"taxonomy":"post_tag","embeddable":true,"href":"https:\/\/renewable-carbon.eu\/news\/wp-json\/wp\/v2\/tags?post=5544"},{"taxonomy":"supplier","embeddable":true,"href":"https:\/\/renewable-carbon.eu\/news\/wp-json\/wp\/v2\/supplier?post=5544"}],"curies":[{"name":"wp","href":"https:\/\/api.w.org\/{rel}","templated":true}]}}