{"id":5465,"date":"2002-06-03T00:00:00","date_gmt":"2002-06-02T22:00:00","guid":{"rendered":"http:\/\/www.bio-based.eu\/news\/index.php?startid=20020603-05n"},"modified":"2002-06-03T00:00:00","modified_gmt":"2002-06-02T22:00:00","slug":"kompetenzzirkel-fr-umweltschonende-bauweise","status":"publish","type":"post","link":"https:\/\/renewable-carbon.eu\/news\/kompetenzzirkel-fr-umweltschonende-bauweise\/","title":{"rendered":"&#8220;Kompetenzzirkel&#8221; f&uuml;r umweltschonende Bauweise"},"content":{"rendered":"<p>Schon zum zweiten Mal trafen sich Planer und Bauunternehmer aus der Region zwischen H\u00f6xter und Soest im Paderborner Technologiepark unter dem Namen &#8220;Kompetenzzirkel f\u00fcr \u00f6kologisches Bauen&#8221;. Ihr gemeinsames Ziel ist eine umweltschonende und nachhaltige Bauweise, die naturbelassene, nachwachsende und recycelbare Rohstoffe einsetzt, um gesunde und schadstofffreie, aber auch erschwingliche Geb\u00e4ude zu errichten. <\/p>\n<p>Aufmerksames Interesse an dieser Vernetzung der heimischen Wirtschaft innerhalb eines solchen Zirkels zeigte auch Joachim T\u00f6lle, Bundestagskandidat aus dem Kreis H\u00f6xter. Die Initiative und Durchf\u00fchrung des Kompetenzzirkels, dessen Sitzungen abwechselnd in den Kreisen Paderborn, H\u00f6xter und Soest durchgef\u00fchrt werden sollen, obliegt dem Bundesverband mittelst\u00e4ndische Wirtschaft (BVMW), Professor Manfred Sietz von der Fachhochschule Lippe-H\u00f6xter ist wissenschaftlicher Beirat.<\/p>\n<p>Ansprechpartner ist der Bundesverband f\u00fcr mittelst\u00e4ndische Wirtschaft mit Sitz in Paderborn unter der Rufnummer: 05254-28 16.<\/p>\n","protected":false},"excerpt":{"rendered":"<p>Schon zum zweiten Mal trafen sich Planer und Bauunternehmer aus der Region zwischen H&ouml;xter und Soest im Paderborner Technologiepark unter dem Namen &#8220;Kompetenzzirkel f&uuml;r &ouml;kologisches<\/p>\n","protected":false},"author":3,"featured_media":0,"comment_status":"closed","ping_status":"closed","sticky":false,"template":"","format":"standard","meta":{"_seopress_robots_primary_cat":"","nova_meta_subtitle":"","footnotes":""},"categories":[5572],"tags":[],"supplier":[],"class_list":["post-5465","post","type-post","status-publish","format-standard","hentry","category-bio-based"],"_links":{"self":[{"href":"https:\/\/renewable-carbon.eu\/news\/wp-json\/wp\/v2\/posts\/5465","targetHints":{"allow":["GET"]}}],"collection":[{"href":"https:\/\/renewable-carbon.eu\/news\/wp-json\/wp\/v2\/posts"}],"about":[{"href":"https:\/\/renewable-carbon.eu\/news\/wp-json\/wp\/v2\/types\/post"}],"author":[{"embeddable":true,"href":"https:\/\/renewable-carbon.eu\/news\/wp-json\/wp\/v2\/users\/3"}],"replies":[{"embeddable":true,"href":"https:\/\/renewable-carbon.eu\/news\/wp-json\/wp\/v2\/comments?post=5465"}],"version-history":[{"count":0,"href":"https:\/\/renewable-carbon.eu\/news\/wp-json\/wp\/v2\/posts\/5465\/revisions"}],"wp:attachment":[{"href":"https:\/\/renewable-carbon.eu\/news\/wp-json\/wp\/v2\/media?parent=5465"}],"wp:term":[{"taxonomy":"category","embeddable":true,"href":"https:\/\/renewable-carbon.eu\/news\/wp-json\/wp\/v2\/categories?post=5465"},{"taxonomy":"post_tag","embeddable":true,"href":"https:\/\/renewable-carbon.eu\/news\/wp-json\/wp\/v2\/tags?post=5465"},{"taxonomy":"supplier","embeddable":true,"href":"https:\/\/renewable-carbon.eu\/news\/wp-json\/wp\/v2\/supplier?post=5465"}],"curies":[{"name":"wp","href":"https:\/\/api.w.org\/{rel}","templated":true}]}}