{"id":5446,"date":"2002-06-10T00:00:00","date_gmt":"2002-06-09T22:00:00","guid":{"rendered":"http:\/\/www.bio-based.eu\/news\/index.php?startid=20020610-05n"},"modified":"2002-06-10T00:00:00","modified_gmt":"2002-06-09T22:00:00","slug":"flachs-und-lein-die-schere-geht-auseinander","status":"publish","type":"post","link":"https:\/\/renewable-carbon.eu\/news\/flachs-und-lein-die-schere-geht-auseinander\/","title":{"rendered":"Flachs und Lein: Die Schere geht auseinander"},"content":{"rendered":"<p>Konnte noch bis zur letzten Aprildekade von einer doch vergleichbaren Entwicklung der westeurop\u00e4ischen Flachsfelder gesprochen werden, so werden in den letzten Tagen und Wochen doch erhebliche Unterschiede offenbar. Diese werden von einem einzigen Wachstumsfaktor bedingt: dem Wasser! <\/p>\n<p>Unterschiedliche Niederschlagsverteilung war zun\u00e4chst f\u00fcr den stellenweise sehr unterschiedlichen Auflauf verantwortlich; zwischen den Samen die bei ausreichendem Wasseranschluss sofort keimten und solchen, die erst erhebliche Niederschl\u00e4ge brauchten lagen bis zu 14 Tagen Wachstumsunterschied.<\/p>\n<p>Die nassen Bedingungen des letzten Herbstes f\u00fchrten auf einer Reihe von Standorten zu schweren Struktursch\u00e4den durch Maschinen. In den Regionen, in denen April und vor allem Mai wenig Regen gebracht haben, werden dort im Flachs deutliche Wuchsdepressionen sichtbar. Knospenbildung bei lediglich 20 cm H\u00f6he kann in der Folge beobachtet werden. R\u00e4umlich nahe, jedoch vom Bestand her v\u00f6llig anders pr\u00e4sentieren sich Fl\u00e4chen, auf denen Wasser nie knapp war: dort \u00fcberziehen Best\u00e4nde teilweise so stark, dass der Einsatz von Wachstumsreglern unerl\u00e4sslich scheint. <\/p>\n<p>Interpoliert man nun die Folgen der zumindest in Frankreich \u00fcberaus starken Regenf\u00e4lle der 23. Woche, so konnten diese sicher die Auswirkungen der Strukturfehler mindern, auf \u00fcberzogenen Fl\u00e4chen jedoch haben Starkregen mit stellenweise 40 mm in 24 h erste Lagererscheinungen bewirkt.<\/p>\n","protected":false},"excerpt":{"rendered":"<p>Konnte noch bis zur letzten Aprildekade von einer doch vergleichbaren Entwicklung der westeurop&auml;ischen Flachsfelder gesprochen werden, so werden in den letzten Tagen und Wochen doch<\/p>\n","protected":false},"author":3,"featured_media":0,"comment_status":"closed","ping_status":"closed","sticky":false,"template":"","format":"standard","meta":{"_seopress_robots_primary_cat":"","nova_meta_subtitle":"","footnotes":""},"categories":[5572],"tags":[],"supplier":[],"class_list":["post-5446","post","type-post","status-publish","format-standard","hentry","category-bio-based"],"_links":{"self":[{"href":"https:\/\/renewable-carbon.eu\/news\/wp-json\/wp\/v2\/posts\/5446","targetHints":{"allow":["GET"]}}],"collection":[{"href":"https:\/\/renewable-carbon.eu\/news\/wp-json\/wp\/v2\/posts"}],"about":[{"href":"https:\/\/renewable-carbon.eu\/news\/wp-json\/wp\/v2\/types\/post"}],"author":[{"embeddable":true,"href":"https:\/\/renewable-carbon.eu\/news\/wp-json\/wp\/v2\/users\/3"}],"replies":[{"embeddable":true,"href":"https:\/\/renewable-carbon.eu\/news\/wp-json\/wp\/v2\/comments?post=5446"}],"version-history":[{"count":0,"href":"https:\/\/renewable-carbon.eu\/news\/wp-json\/wp\/v2\/posts\/5446\/revisions"}],"wp:attachment":[{"href":"https:\/\/renewable-carbon.eu\/news\/wp-json\/wp\/v2\/media?parent=5446"}],"wp:term":[{"taxonomy":"category","embeddable":true,"href":"https:\/\/renewable-carbon.eu\/news\/wp-json\/wp\/v2\/categories?post=5446"},{"taxonomy":"post_tag","embeddable":true,"href":"https:\/\/renewable-carbon.eu\/news\/wp-json\/wp\/v2\/tags?post=5446"},{"taxonomy":"supplier","embeddable":true,"href":"https:\/\/renewable-carbon.eu\/news\/wp-json\/wp\/v2\/supplier?post=5446"}],"curies":[{"name":"wp","href":"https:\/\/api.w.org\/{rel}","templated":true}]}}