{"id":5275,"date":"2002-02-01T00:00:00","date_gmt":"2002-01-31T22:00:00","guid":{"rendered":"http:\/\/www.bio-based.eu\/news\/index.php?startid=20020201-03n"},"modified":"2002-02-01T00:00:00","modified_gmt":"2002-01-31T22:00:00","slug":"lausitzer-bauern-planen-grenzueberschreitende-erzeugergemeinschaft-hanf","status":"publish","type":"post","link":"https:\/\/renewable-carbon.eu\/news\/lausitzer-bauern-planen-grenzueberschreitende-erzeugergemeinschaft-hanf\/","title":{"rendered":"Lausitzer Bauern planen grenz\u00fcberschreitende Erzeugergemeinschaft Hanf"},"content":{"rendered":"<p>S\u00e4chsische Bauern wollen gemeinsam mit brandenburgischen Kollegen eine Erzeugergemeinschaft Hanf gr\u00fcnden, die auf insgesamt 1.500 Hektar Hanf anbauen will (vgl. auch Meldung vom <a HREF=\"http:\/\/www.bio-based.eu\/cgi-bin\/mih\/artikel.pl?id=-ID-&#038;artikel=20011211-01.news\">2001-12-11<\/a> und <a HREF=\"http:\/\/www.bio-based.eu\/cgi-bin\/mih\/artikel.pl?id=-ID-&#038;artikel=20101228-01.news\">2001-12-28<\/a>). Hierf\u00fcr sprachen sich Landwirte aus den Landkreisen Kamenz, dem Niederschlesischen Oberlausitzkreis und aus der Region Hoyerswerda aus. Vor dem Start dieser grenz\u00fcberschreitenden Kooperation wollen die Bauern sich allerdings zun\u00e4chst davon \u00fcberzeugen, ob auf ihren relativ trockenen B\u00f6den auch die erforderlichen Ertr\u00e4ge erzielt werden k\u00f6nnen. Die Gr\u00fcndung soll sp\u00e4testens zum 31. M\u00e4rz 2002 erfolgen.<\/p>\n<p>Erstmals sollen die Bauern in der Lausitz den Hanf dabei nicht nur anbauen; der Aufschluss und die Weiterverarbeitung soll nun unter eigener Regie im neuen &#8220;Verwertungszentrum Hanf Spremberg&#8221; erfolgen.<\/p>\n<p>Gegenw\u00e4rtig wird der Business-Plan f\u00fcr das Gesamtprojekt mit der Altstadtsanierungsgesellschaft Spremberg ausgearbeitet. Der Naturfaserverbund Brandenburg und das Gubener CIT sicherten den s\u00e4chsischen Landwirten zu, bereits vorliegende Testergebnisse hinsichtlich der Bodenqualit\u00e4t zur Verf\u00fcgung zu stellen.<\/p>\n<p>Ansprechpartner:<br \/>\nS\u00e4chsischer Sprecher der IG Hanf <br \/>\nDieter Lysk<br \/>\nTel. 035773-7 37 37 40<\/p>\n<p>Altstadtsanierungsgesellschaft Spremberg<br \/>\nTel. 03563-34 72 70<\/p>\n<p><a HREF=\"http:\/\/www.cit-guben.de\/\" >CIT Guben<\/a><br \/>\nTel. 03561-620 40<\/p>\n<p>Autor: Klaus-Martin Meyer (nova)<br \/>\nEndredaktion: Marion Kupfer (nova)<br \/>\nQuelle: <a HREF=\"http:\/\/www.sz-online.de\/\" >SZ-Online &#8211; Sachsen im Netz<\/a> vom 2002-02-01. <\/p>\n","protected":false},"excerpt":{"rendered":"<p>S&auml;chsische Bauern wollen gemeinsam mit brandenburgischen Kollegen eine Erzeugergemeinschaft Hanf gr&uuml;nden, die auf insgesamt 1.500 Hektar Hanf anbauen will (vgl. auch Meldung vom <a href=\"http:\/\/www.bio-based.eu\/cgi-bin\/mih\/artikel.pl?id=-ID-&amp;artikel=20011211-01.news\">2001-12-11<\/a><\/p>\n","protected":false},"author":3,"featured_media":0,"comment_status":"closed","ping_status":"closed","sticky":false,"template":"","format":"standard","meta":{"_seopress_robots_primary_cat":"","nova_meta_subtitle":"","footnotes":""},"categories":[5572],"tags":[],"supplier":[],"class_list":["post-5275","post","type-post","status-publish","format-standard","hentry","category-bio-based"],"_links":{"self":[{"href":"https:\/\/renewable-carbon.eu\/news\/wp-json\/wp\/v2\/posts\/5275","targetHints":{"allow":["GET"]}}],"collection":[{"href":"https:\/\/renewable-carbon.eu\/news\/wp-json\/wp\/v2\/posts"}],"about":[{"href":"https:\/\/renewable-carbon.eu\/news\/wp-json\/wp\/v2\/types\/post"}],"author":[{"embeddable":true,"href":"https:\/\/renewable-carbon.eu\/news\/wp-json\/wp\/v2\/users\/3"}],"replies":[{"embeddable":true,"href":"https:\/\/renewable-carbon.eu\/news\/wp-json\/wp\/v2\/comments?post=5275"}],"version-history":[{"count":0,"href":"https:\/\/renewable-carbon.eu\/news\/wp-json\/wp\/v2\/posts\/5275\/revisions"}],"wp:attachment":[{"href":"https:\/\/renewable-carbon.eu\/news\/wp-json\/wp\/v2\/media?parent=5275"}],"wp:term":[{"taxonomy":"category","embeddable":true,"href":"https:\/\/renewable-carbon.eu\/news\/wp-json\/wp\/v2\/categories?post=5275"},{"taxonomy":"post_tag","embeddable":true,"href":"https:\/\/renewable-carbon.eu\/news\/wp-json\/wp\/v2\/tags?post=5275"},{"taxonomy":"supplier","embeddable":true,"href":"https:\/\/renewable-carbon.eu\/news\/wp-json\/wp\/v2\/supplier?post=5275"}],"curies":[{"name":"wp","href":"https:\/\/api.w.org\/{rel}","templated":true}]}}