{"id":5232,"date":"2002-03-02T00:00:00","date_gmt":"2002-03-01T22:00:00","guid":{"rendered":"http:\/\/www.bio-based.eu\/news\/index.php?startid=20020302-02n"},"modified":"2002-03-02T00:00:00","modified_gmt":"2002-03-01T22:00:00","slug":"roggen-aus-der-uckermark-begruent-dubais-wueste","status":"publish","type":"post","link":"https:\/\/renewable-carbon.eu\/news\/roggen-aus-der-uckermark-begruent-dubais-wueste\/","title":{"rendered":"Roggen aus der Uckermark begr\u00fcnt Dubais W\u00fcste"},"content":{"rendered":"<p>Aus der Not eine Tugend machen &#8211; dies gelang Biologen und Technologen des Instituts f\u00fcr Getreideverarbeitung in Bergholz-Rehbr\u00fccke bei Potsdam beispielhaft, nachdem der m\u00e4rkische Roggenanbau durch den k\u00fcnftigen Wegfall der EU-Intervention in eine Krise zu geraten droht. Die Absatzm\u00e4rkte m\u00fcssen den Weiteranbau rechtfertigen, sonst ist mit einem \u00f6konomischen und \u00f6kologischen Desaster in der Uckermark zu rechnen. Die Einsatzm\u00f6glichkeiten f\u00fcr das Getreide schienen indes begrenzt, halten die Landwirte entgegen anderslautenden Erkenntnissen doch nicht allzuviel vom Futterwert des Roggens und verhallen auch die Auslobungen des gesunden, dunklen Brotes sp\u00e4testens an Deutschlands Grenzen.<\/p>\n<p>Die dr\u00e4ngende Zeit f\u00fchrte die ideenreichen Wissenschaftler in die Non-Food-Nische eines ihrer bereits patentierten Verfahren, das seit einiger Zeit schon in Magdeburg Schule macht. Es handelt sich um eine \u00f6kologische Ausgleichsch\u00fcttung f\u00fcr unebene Rohfu\u00dfb\u00f6den, die gr\u00f6\u00dftenteils aus Roggen besteht. Der eigentliche Renner war dann aber die Idee mit den &#8220;Rofa-Pflanzplatten&#8221;, die aus einem Roggen-, Kalk- und Holzfaser-Gemisch entstehen. Das Ganze wird im Anschluss &#8220;wie ein Pudding aufgeschwemmt&#8221;, erl\u00e4utert Instituts-Gesch\u00e4ftsf\u00fchrer Peter Kretschmer.<\/p>\n<p>Nicht nur an steilen Autobahnb\u00f6schungen bei R\u00fcdersdorf, im Braunkohlentagebau Welzow-S\u00fcd und selbst auf 1.600 Meter H\u00f6he in den Alpen bew\u00e4hrten sich die mit Samen best\u00fcckten, nur 20 mm dicken Platten schon erfolgreich, inzwischen gr\u00fcnt bereits ein mehrere Hektar gro\u00dfes Luzernefeld auf den Wanderd\u00fcnen Dubais. Kretschmer verhandelt mit dem dortigen Agrarministerium \u00fcber die gro\u00dffl\u00e4chige Kultivierung einheimischer Kulturpflanzen. Gegen\u00fcber herk\u00f6mmlichem Material wie Rollrasen, Strohmatten oder Geotextilien vereinen die biologisch abbaubaren Rofa-Platten alle jeweiligen Vorz\u00fcge dieser Verfahren in sich und k\u00f6nnen in kurzer Zeit erosionsgef\u00e4hrdete Fl\u00e4chen begr\u00fcnen. Durch ihr geringes Gewicht und die hohe Wasserspeicherf\u00e4higkeit sind sie somit universell einsetzbar. &#8220;Auf Zypern wollen wir eine Asbestmine sanieren und Syrien zeigt auch Interesse an unserem Verfahren&#8221;, verk\u00fcndet der m\u00e4rkische Getreideforscher zufrieden, der hier mit seinem Team unabsehbar mehr als nur eine innovative Wertsch\u00f6pfung vollbracht hat.<\/p>\n<p>Autorin: Marion Kupfer (nova)<br \/>\nEndredaktion: Michael Karus (nova)<br \/>\nQuelle: <a HREF=\"http:\/\/www.nordkurier.de\/\" >Nordkurier Online<\/a> vom 2002-03-02.<\/p>\n","protected":false},"excerpt":{"rendered":"<p>Aus der Not eine Tugend machen &#8211; dies gelang Biologen und Technologen des Instituts f&uuml;r Getreideverarbeitung in Bergholz-Rehbr&uuml;cke bei Potsdam beispielhaft, nachdem der m&auml;rkische Roggenanbau<\/p>\n","protected":false},"author":3,"featured_media":0,"comment_status":"closed","ping_status":"closed","sticky":false,"template":"","format":"standard","meta":{"_seopress_robots_primary_cat":"","nova_meta_subtitle":"","footnotes":""},"categories":[5572],"tags":[],"supplier":[],"class_list":["post-5232","post","type-post","status-publish","format-standard","hentry","category-bio-based"],"_links":{"self":[{"href":"https:\/\/renewable-carbon.eu\/news\/wp-json\/wp\/v2\/posts\/5232","targetHints":{"allow":["GET"]}}],"collection":[{"href":"https:\/\/renewable-carbon.eu\/news\/wp-json\/wp\/v2\/posts"}],"about":[{"href":"https:\/\/renewable-carbon.eu\/news\/wp-json\/wp\/v2\/types\/post"}],"author":[{"embeddable":true,"href":"https:\/\/renewable-carbon.eu\/news\/wp-json\/wp\/v2\/users\/3"}],"replies":[{"embeddable":true,"href":"https:\/\/renewable-carbon.eu\/news\/wp-json\/wp\/v2\/comments?post=5232"}],"version-history":[{"count":0,"href":"https:\/\/renewable-carbon.eu\/news\/wp-json\/wp\/v2\/posts\/5232\/revisions"}],"wp:attachment":[{"href":"https:\/\/renewable-carbon.eu\/news\/wp-json\/wp\/v2\/media?parent=5232"}],"wp:term":[{"taxonomy":"category","embeddable":true,"href":"https:\/\/renewable-carbon.eu\/news\/wp-json\/wp\/v2\/categories?post=5232"},{"taxonomy":"post_tag","embeddable":true,"href":"https:\/\/renewable-carbon.eu\/news\/wp-json\/wp\/v2\/tags?post=5232"},{"taxonomy":"supplier","embeddable":true,"href":"https:\/\/renewable-carbon.eu\/news\/wp-json\/wp\/v2\/supplier?post=5232"}],"curies":[{"name":"wp","href":"https:\/\/api.w.org\/{rel}","templated":true}]}}